{"id":9219,"date":"2025-10-01T16:46:07","date_gmt":"2025-10-01T14:46:07","guid":{"rendered":"https:\/\/yamaha-centar.hr\/?p=9219"},"modified":"2025-10-01T16:46:07","modified_gmt":"2025-10-01T14:46:07","slug":"yfm700r-2026-izdanje-za-70-obljetnicu","status":"publish","type":"post","link":"https:\/\/yamaha-centar.hr\/?p=9219","title":{"rendered":"YFM700R 2026 izdanje za 70. obljetnicu"},"content":{"rendered":"<style type=\"text\/css\">\n#foogallery-gallery-9221 .fg-image { width: 120px; }<\/style>\n\t\t\t<div class=\"foogallery foogallery-container foogallery-carousel foogallery-lightbox-foogallery fg-carousel-hide-pagination fg-carousel fg-ready fg-light fg-border-thin fg-shadow-outline fg-loading-default fg-loaded-fade-in fg-caption-hover fg-hover-fade fg-hover-zoom\" id=\"foogallery-gallery-9221\" data-foogallery=\"{&quot;item&quot;:{&quot;showCaptionTitle&quot;:true,&quot;showCaptionDescription&quot;:true},&quot;lazy&quot;:true,&quot;template&quot;:{&quot;maxItems&quot;:8,&quot;scale&quot;:0.11999999999999999555910790149937383830547332763671875,&quot;gutter&quot;:{&quot;min&quot;:-40,&quot;max&quot;:-20,&quot;unit&quot;:&quot;%&quot;},&quot;autoplay&quot;:{&quot;time&quot;:0,&quot;interaction&quot;:&quot;pause&quot;},&quot;centerOnClick&quot;:false}}\" data-foogallery-lightbox=\"{&quot;thumbs&quot;:&quot;bottom&quot;,&quot;thumbsCaptions&quot;:false,&quot;thumbsBestFit&quot;:false,&quot;thumbsSmall&quot;:false,&quot;thumbsCaptionsAlign&quot;:&quot;default&quot;,&quot;info&quot;:&quot;bottom&quot;,&quot;infoVisible&quot;:true,&quot;infoOverlay&quot;:true,&quot;infoAlign&quot;:&quot;default&quot;,&quot;transition&quot;:&quot;fade&quot;,&quot;hoverButtons&quot;:false,&quot;fitMedia&quot;:false,&quot;noScrollbars&quot;:true,&quot;preserveButtonSpace&quot;:true,&quot;buttons&quot;:{&quot;fullscreen&quot;:true,&quot;info&quot;:true,&quot;thumbs&quot;:false},&quot;video&quot;:{&quot;autoPlay&quot;:true}}\" style=\"--fg-title-line-clamp: 0; --fg-description-line-clamp: 0;\" >\n\t<button type=\"button\" class=\"fg-carousel-prev\"><\/button>\n\t<div class=\"fg-carousel-inner\">\n\t\t<div class=\"fg-carousel-center\"><\/div>\n\t\t<div class=\"fg-item fg-type-image fg-idle\"><figure class=\"fg-item-inner\"><a href=\"https:\/\/yamaha-centar.hr\/wp-content\/uploads\/2025\/10\/2026-Yamaha-YFM700R-L-EU-Anniversary_White-360-Degrees-001-03.jpg\" data-attachment-id=\"9222\" data-type=\"image\" class=\"fg-thumb\"><span class=\"fg-image-wrap\"><img decoding=\"async\" width=\"120\" height=\"80\" class=\"skip-lazy fg-image\" data-src-fg=\"https:\/\/yamaha-centar.hr\/wp-content\/uploads\/cache\/2025\/10\/2026-Yamaha-YFM700R-L-EU-Anniversary_White-360-Degrees-001-03\/3205992603.jpg\" src=\"data:image\/svg+xml,%3Csvg%20xmlns%3D%22http%3A%2F%2Fwww.w3.org%2F2000%2Fsvg%22%20width%3D%22120%22%20height%3D%2280%22%20viewBox%3D%220%200%20120%2080%22%3E%3C%2Fsvg%3E\" loading=\"eager\"><\/span><span class=\"fg-image-overlay\"><\/span><\/a><\/figure><div class=\"fg-loader\"><\/div><\/div><div class=\"fg-item fg-type-image fg-idle\"><figure class=\"fg-item-inner\"><a href=\"https:\/\/yamaha-centar.hr\/wp-content\/uploads\/2025\/10\/2026-Yamaha-YFM700R-L-EU-Anniversary_White-Static-001-03.jpg\" data-attachment-id=\"9223\" data-type=\"image\" class=\"fg-thumb\"><span class=\"fg-image-wrap\"><img decoding=\"async\" width=\"120\" height=\"80\" class=\"skip-lazy fg-image\" data-src-fg=\"https:\/\/yamaha-centar.hr\/wp-content\/uploads\/cache\/2025\/10\/2026-Yamaha-YFM700R-L-EU-Anniversary_White-Static-001-03\/2172148875.jpg\" src=\"data:image\/svg+xml,%3Csvg%20xmlns%3D%22http%3A%2F%2Fwww.w3.org%2F2000%2Fsvg%22%20width%3D%22120%22%20height%3D%2280%22%20viewBox%3D%220%200%20120%2080%22%3E%3C%2Fsvg%3E\" loading=\"eager\"><\/span><span class=\"fg-image-overlay\"><\/span><\/a><\/figure><div class=\"fg-loader\"><\/div><\/div><div class=\"fg-item fg-type-image fg-idle\"><figure class=\"fg-item-inner\"><a href=\"https:\/\/yamaha-centar.hr\/wp-content\/uploads\/2025\/10\/2026-Yamaha-YFM700R-L-EU-Anniversary_White-Studio-002-03.jpg\" data-attachment-id=\"9224\" data-type=\"image\" class=\"fg-thumb\"><span class=\"fg-image-wrap\"><img decoding=\"async\" width=\"120\" height=\"80\" class=\"skip-lazy fg-image\" data-src-fg=\"https:\/\/yamaha-centar.hr\/wp-content\/uploads\/cache\/2025\/10\/2026-Yamaha-YFM700R-L-EU-Anniversary_White-Studio-002-03\/1852985646.jpg\" src=\"data:image\/svg+xml,%3Csvg%20xmlns%3D%22http%3A%2F%2Fwww.w3.org%2F2000%2Fsvg%22%20width%3D%22120%22%20height%3D%2280%22%20viewBox%3D%220%200%20120%2080%22%3E%3C%2Fsvg%3E\" loading=\"eager\"><\/span><span class=\"fg-image-overlay\"><\/span><\/a><\/figure><div class=\"fg-loader\"><\/div><\/div><div class=\"fg-item fg-type-image fg-idle\"><figure class=\"fg-item-inner\"><a href=\"https:\/\/yamaha-centar.hr\/wp-content\/uploads\/2025\/10\/2026-Yamaha-YFM700R-L-EU-Anniversary_White-Studio-004-03.jpg\" data-attachment-id=\"9225\" data-type=\"image\" class=\"fg-thumb\"><span class=\"fg-image-wrap\"><img decoding=\"async\" width=\"120\" height=\"80\" class=\"skip-lazy fg-image\" data-src-fg=\"https:\/\/yamaha-centar.hr\/wp-content\/uploads\/cache\/2025\/10\/2026-Yamaha-YFM700R-L-EU-Anniversary_White-Studio-004-03\/2259708768.jpg\" src=\"data:image\/svg+xml,%3Csvg%20xmlns%3D%22http%3A%2F%2Fwww.w3.org%2F2000%2Fsvg%22%20width%3D%22120%22%20height%3D%2280%22%20viewBox%3D%220%200%20120%2080%22%3E%3C%2Fsvg%3E\" loading=\"eager\"><\/span><span class=\"fg-image-overlay\"><\/span><\/a><\/figure><div class=\"fg-loader\"><\/div><\/div><div class=\"fg-item fg-type-image fg-idle\"><figure class=\"fg-item-inner\"><a href=\"https:\/\/yamaha-centar.hr\/wp-content\/uploads\/2025\/10\/2026-Yamaha-YFM700R-L-EU-Anniversary_White-Studio-006-03.jpg\" data-attachment-id=\"9226\" data-type=\"image\" class=\"fg-thumb\"><span class=\"fg-image-wrap\"><img decoding=\"async\" width=\"120\" height=\"80\" class=\"skip-lazy fg-image\" data-src-fg=\"https:\/\/yamaha-centar.hr\/wp-content\/uploads\/cache\/2025\/10\/2026-Yamaha-YFM700R-L-EU-Anniversary_White-Studio-006-03\/3729048246.jpg\" src=\"data:image\/svg+xml,%3Csvg%20xmlns%3D%22http%3A%2F%2Fwww.w3.org%2F2000%2Fsvg%22%20width%3D%22120%22%20height%3D%2280%22%20viewBox%3D%220%200%20120%2080%22%3E%3C%2Fsvg%3E\" loading=\"eager\"><\/span><span class=\"fg-image-overlay\"><\/span><\/a><\/figure><div class=\"fg-loader\"><\/div><\/div><div class=\"fg-item fg-type-image fg-idle\"><figure class=\"fg-item-inner\"><a href=\"https:\/\/yamaha-centar.hr\/wp-content\/uploads\/2025\/10\/2026-Yamaha-YFM700R-L-EU-Anniversary_White-Studio-007-03.jpg\" data-attachment-id=\"9227\" data-type=\"image\" class=\"fg-thumb\"><span class=\"fg-image-wrap\"><img decoding=\"async\" width=\"120\" height=\"80\" class=\"skip-lazy fg-image\" data-src-fg=\"https:\/\/yamaha-centar.hr\/wp-content\/uploads\/cache\/2025\/10\/2026-Yamaha-YFM700R-L-EU-Anniversary_White-Studio-007-03\/532540795.jpg\" src=\"data:image\/svg+xml,%3Csvg%20xmlns%3D%22http%3A%2F%2Fwww.w3.org%2F2000%2Fsvg%22%20width%3D%22120%22%20height%3D%2280%22%20viewBox%3D%220%200%20120%2080%22%3E%3C%2Fsvg%3E\" loading=\"eager\"><\/span><span class=\"fg-image-overlay\"><\/span><\/a><\/figure><div class=\"fg-loader\"><\/div><\/div><div class=\"fg-item fg-type-image fg-idle\"><figure class=\"fg-item-inner\"><a href=\"https:\/\/yamaha-centar.hr\/wp-content\/uploads\/2025\/10\/2026-Yamaha-YFM700R-L-EU-Anniversary_White-Studio-008-03.jpg\" data-attachment-id=\"9228\" data-type=\"image\" class=\"fg-thumb\"><span class=\"fg-image-wrap\"><img decoding=\"async\" width=\"120\" height=\"80\" class=\"skip-lazy fg-image\" data-src-fg=\"https:\/\/yamaha-centar.hr\/wp-content\/uploads\/cache\/2025\/10\/2026-Yamaha-YFM700R-L-EU-Anniversary_White-Studio-008-03\/2394769910.jpg\" src=\"data:image\/svg+xml,%3Csvg%20xmlns%3D%22http%3A%2F%2Fwww.w3.org%2F2000%2Fsvg%22%20width%3D%22120%22%20height%3D%2280%22%20viewBox%3D%220%200%20120%2080%22%3E%3C%2Fsvg%3E\" loading=\"eager\"><\/span><span class=\"fg-image-overlay\"><\/span><\/a><\/figure><div class=\"fg-loader\"><\/div><\/div>\t<\/div>\n\t<div class=\"fg-carousel-bottom\"><\/div>\n\t<div class=\"fg-carousel-progress\"><\/div>\n\t<button type=\"button\" class=\"fg-carousel-next\"><\/button>\n<\/div><style type=\"text\/css\">#foogallery-gallery-9221 { margin-bottom: 45px; }<\/style>\n<h5>YFM700R izdanje za 70. obljetnicu<span id=\"cijenaupit\"><a href=\"https:\/\/yamaha-centar.hr\/?page_id=673\" target=\"_blank\" rel=\"noopener\"> Cijena na upit <img loading=\"lazy\" decoding=\"async\" id=\"mailicona\" class=\"alignnone size-full wp-image-5644\" src=\"https:\/\/yamaha-centar.hr\/wp-content\/uploads\/2024\/03\/mail_icon.jpg\" alt=\"\" width=\"18\" height=\"14\" \/><\/a><\/span><\/h5>\n<p>Spoj performansi trka\u0107ih specifikacija i legendarnog Yamahinog stila, YFM700R 70th Anniversary Edition odlikuje se uzbudljivom snagom, odli\u010dnom upravljivosti i upe\u010datljivim bijelom i crvenom bojom koje odlikuju na\u0161e prethodne terenske strojeve iz 90-ih. Vje\u010dna po\u010dast inovacijama i pobjedi.<\/p>\n<h5 id=\"specifikacije\">ODVA\u017dNE BOJE, DOKAZANA DNK<\/h5>\n<p>Sna\u017ean \u010detverotaktni motor od 686 ccm pogoni model YFM700R eksplozivnim ubrzanjem i sna\u017enim okretnim momentom na srednjoj razini obrtaja \u2013 uz izvanrednu \u0161tedljivost goriva za dulje kretanje.<\/p>\n<p>Uz ekskluzivne komponente poput mapiranja goriva razvijenog na utrkama i prilagodljivih amortizera s vanjskim spremnikom za ulje, YFM700R 70th Anniversary Edition ne samo da izgleda najbolje \u2013 ve\u0107 je stvoren za dominaciju. Retro stil, moderan, mi\u0161i\u0107av.<\/p>\n<h5 id=\"specifikacije\">ZNA\u010cAJKE<\/h5>\n<ul>\n<li>Ikonske i ekskluzivne boje i grafike naslije\u0111a za 70. obljetnicu<\/li>\n<li>Jedini sportski quad velikog provrta u industriji s \u010dvrstom stra\u017enjom osovinom<\/li>\n<li>Sekvencijalni mjenja\u010d s 5 brzina i vo\u017enjom unatrag<\/li>\n<li>Posebne gume Maxxis koje pristaju i podr\u017eavaju dinamiku vo\u017enje vozila<\/li>\n<li>S pomo\u0107u prilagodljivih amortizera postavite karakter upravljanja prilago\u0111en sebi<\/li>\n<li>Trenuta\u010dna snaga putem sustava EFI u vi\u0161e to\u010daka<\/li>\n<li>Elegantni oklopi s udobnim polo\u017eajem za vo\u017enju<\/li>\n<li>Uvijek ravno dr\u017ei stazu zahvaljuju\u0107i ekscentri\u010dnoj prilagodbi lanca<\/li>\n<li>Samo vrhunski dijelovi i materijal<\/li>\n<li>Ugled iznimno \u010dvrstog vozila, vi\u0161estrukog pobjednika na natjecanju Dakar<\/li>\n<li>Izra\u0111en bez kompromisa<\/li>\n<\/ul>\n<h5><span style=\"color: #000000;\"><a style=\"color: #000000;\" href=\"https:\/\/yamaha-centar.hr\/wp-content\/uploads\/2025\/10\/2026-YFM700R-L_hr-HR.pdf\" target=\"_blank\" rel=\"noopener\">ZNA\u010cAJKE DETALJNO (PDF)<img loading=\"lazy\" decoding=\"async\" class=\"size-full wp-image-953 alignnone\" src=\"https:\/\/yamaha-centar.hr\/wp-content\/uploads\/2023\/12\/d-icon.png\" alt=\"\" width=\"20\" height=\"18\" \/><\/a><\/span><\/h5>\n<h5 id=\"specifikacije\">SPECIFIKACIJE<\/h5>\n<div class=\"responsive-tabs\">\n<h2 class=\"tabtitle\">Agregat<\/h2>\n<div class=\"tabcontent\">\n\n<p id=\"tabby\">Tip agregata:  Jednocilindri\u010dan, Hla\u0111enje teku\u0107inom, 4-takta, 4-ventila<br \/>\nZapremina:  686cc<br \/>\nProvrt x hod:  102.0 mm x 84.0 mm<br \/>\nOmjer kompresije:  9.2 : 1<br \/>\nSustav podmazivanja:  Suhi karter<br \/>\nNapajanje gorivom:  Ubrizgavanje goriva, 44 mm<br \/>\nSustav paljenja:  TCI<br \/>\nSustav pokretanja:  Elektri\u010dno<br \/>\nSustav prijenosa:  5 brzina &#038; unazad, Mokro kva\u010dilo<br \/>\nPogonski sustav:  2WD<br \/>\nZavr\u0161ni prijenos:  Brtvljeni lanac s O-ringom, Ekscentri\u010dno pode\u0161avanje<\/p>\n\n<\/div><h2 class=\"tabtitle\">\u0160asija<\/h2>\n<div class=\"tabcontent\">\n\n<p id=\"tabby\">Sustav ovjesa sprijeda:  KYB Piggy Back with Hi and Low speed compression &#038; single rebound adjustment, Neovisni dvostruka ramena, pode\u0161ave predoptere\u0107enja opruge, 230 mm hod<br \/>\nSustav ovjesa straga:  KYB Piggy Back with Hi and Low speed compression &#038; single rebound adjustment, pode\u0161ave predoptere\u0107enja opruge, Njihaju\u0107a ruka od lijevanog aluminija, 256 mm hod<br \/>\nPrednja ko\u010dnica:  Dvostruki ventilirani disk s dvoklipnim \u010deljustima na svakom kota\u010du<br \/>\nStra\u017enja ko\u010dnica:  Nazubljeni ventilirani disk s hidrauli\u010dnim \u010deljustima<br \/>\nPrednje gume:  AT21x7R10<br \/>\nStra\u017enje gume:  AT20x10R9<\/p>\n\n<\/div><h2 class=\"tabtitle\">Dimenzije<\/h2>\n<div class=\"tabcontent\">\n\n<p id=\"tabby\">Ukupna du\u017eina:  1,845 mm<br \/>\nUkupna \u0161irina:  1,170 mm<br \/>\nUkupna visina:  1,130 mm<br \/>\nVisina sjedala:  815 mm<br \/>\nMe\u0111uosovinski razmak:  1,280 mm<br \/>\nMinimalna udaljenost od tla:  113 mm<br \/>\nTe\u017eina (s punim spremnikom ulja i goriva):  192kg<br \/>\nKapacitet spremnika goriva:  11.0Litara<\/p>\n\n<\/div><h2 class=\"tabtitle\">Dodatne zna\u010dajke<\/h2>\n<div class=\"tabcontent\">\n\n<p id=\"tabby\">SE\/LE Features<br \/>\n\tPainted Body \/ Piggy back, 3 way adjustable shock specs \/ wheel trim<\/p>\n<\/div><\/div>\n","protected":false},"excerpt":{"rendered":"<p>YFM700R izdanje za 70. obljetnicu Cijena na upit Spoj performansi trka\u0107ih specifikacija i legendarnog Yamahinog stila, YFM700R 70th Anniversary Edition odlikuje se uzbudljivom snagom, odli\u010dnom upravljivosti i upe\u010datljivim bijelom i crvenom bojom koje odlikuju na\u0161e prethodne terenske strojeve iz 90-ih. Vje\u010dna po\u010dast inovacijama i pobjedi. ODVA\u017dNE BOJE, DOKAZANA DNK Sna\u017ean \u010detverotaktni motor od 686 ccm [&hellip;]<\/p>\n","protected":false},"author":1,"featured_media":9222,"comment_status":"closed","ping_status":"open","sticky":false,"template":"","format":"standard","meta":{"_bbp_topic_count":0,"_bbp_reply_count":0,"_bbp_total_topic_count":0,"_bbp_total_reply_count":0,"_bbp_voice_count":0,"_bbp_anonymous_reply_count":0,"_bbp_topic_count_hidden":0,"_bbp_reply_count_hidden":0,"_bbp_forum_subforum_count":0,"footnotes":""},"categories":[422,53],"tags":[215,200,431],"class_list":["post-9219","post","type-post","status-publish","format-standard","has-post-thumbnail","hentry","category-atv-2026","category-sportski-atv","tag-sport-atv","tag-yamaha","tag-yfm700r-2026"],"yoast_head":"<!-- This site is optimized with the Yoast SEO plugin v23.0 - https:\/\/yoast.com\/wordpress\/plugins\/seo\/ -->\n<title>YFM700R 2026 izdanje za 70. obljetnicu - Yamaha centar Zagreb<\/title>\n<meta name=\"robots\" content=\"index, follow, max-snippet:-1, max-image-preview:large, max-video-preview:-1\" \/>\n<link rel=\"canonical\" href=\"https:\/\/yamaha-centar.hr\/?p=9219\" \/>\n<meta property=\"og:locale\" content=\"hr_HR\" \/>\n<meta property=\"og:type\" content=\"article\" \/>\n<meta property=\"og:title\" content=\"YFM700R 2026 izdanje za 70. obljetnicu - Yamaha centar Zagreb\" \/>\n<meta property=\"og:description\" content=\"YFM700R izdanje za 70. obljetnicu Cijena na upit Spoj performansi trka\u0107ih specifikacija i legendarnog Yamahinog stila, YFM700R 70th Anniversary Edition odlikuje se uzbudljivom snagom, odli\u010dnom upravljivosti i upe\u010datljivim bijelom i crvenom bojom koje odlikuju na\u0161e prethodne terenske strojeve iz 90-ih. Vje\u010dna po\u010dast inovacijama i pobjedi. ODVA\u017dNE BOJE, DOKAZANA DNK Sna\u017ean \u010detverotaktni motor od 686 ccm [&hellip;]\" \/>\n<meta property=\"og:url\" content=\"https:\/\/yamaha-centar.hr\/?p=9219\" \/>\n<meta property=\"og:site_name\" content=\"Yamaha centar Zagreb\" \/>\n<meta property=\"article:published_time\" content=\"2025-10-01T14:46:07+00:00\" \/>\n<meta property=\"og:image\" content=\"https:\/\/yamaha-centar.hr\/wp-content\/uploads\/2025\/10\/2026-Yamaha-YFM700R-L-EU-Anniversary_White-360-Degrees-001-03.jpg\" \/>\n\t<meta property=\"og:image:width\" content=\"2000\" \/>\n\t<meta property=\"og:image:height\" content=\"1125\" \/>\n\t<meta property=\"og:image:type\" content=\"image\/jpeg\" \/>\n<meta name=\"author\" content=\"yamaha\" \/>\n<meta name=\"twitter:card\" content=\"summary_large_image\" \/>\n<meta name=\"twitter:label1\" content=\"Napisao\/la\" \/>\n\t<meta name=\"twitter:data1\" content=\"yamaha\" \/>\n\t<meta name=\"twitter:label2\" content=\"Procijenjeno vrijeme \u010ditanja\" \/>\n\t<meta name=\"twitter:data2\" content=\"1 minuta\" \/>\n<script type=\"application\/ld+json\" class=\"yoast-schema-graph\">{\"@context\":\"https:\/\/schema.org\",\"@graph\":[{\"@type\":\"Article\",\"@id\":\"https:\/\/yamaha-centar.hr\/?p=9219#article\",\"isPartOf\":{\"@id\":\"https:\/\/yamaha-centar.hr\/?p=9219\"},\"author\":{\"name\":\"yamaha\",\"@id\":\"https:\/\/yamaha-centar.hr\/#\/schema\/person\/1ef833a7ec3fed1b67987f2e91f66f13\"},\"headline\":\"YFM700R 2026 izdanje za 70. obljetnicu\",\"datePublished\":\"2025-10-01T14:46:07+00:00\",\"dateModified\":\"2025-10-01T14:46:07+00:00\",\"mainEntityOfPage\":{\"@id\":\"https:\/\/yamaha-centar.hr\/?p=9219\"},\"wordCount\":448,\"publisher\":{\"@id\":\"https:\/\/yamaha-centar.hr\/#organization\"},\"image\":{\"@id\":\"https:\/\/yamaha-centar.hr\/?p=9219#primaryimage\"},\"thumbnailUrl\":\"https:\/\/yamaha-centar.hr\/wp-content\/uploads\/2025\/10\/2026-Yamaha-YFM700R-L-EU-Anniversary_White-360-Degrees-001-03.jpg\",\"keywords\":[\"sport ATV\",\"yamaha\",\"YFM700R 2026\"],\"articleSection\":[\"ATV 2026\",\"Sport ATV i SxS\"],\"inLanguage\":\"hr\"},{\"@type\":\"WebPage\",\"@id\":\"https:\/\/yamaha-centar.hr\/?p=9219\",\"url\":\"https:\/\/yamaha-centar.hr\/?p=9219\",\"name\":\"YFM700R 2026 izdanje za 70. obljetnicu - Yamaha centar Zagreb\",\"isPartOf\":{\"@id\":\"https:\/\/yamaha-centar.hr\/#website\"},\"primaryImageOfPage\":{\"@id\":\"https:\/\/yamaha-centar.hr\/?p=9219#primaryimage\"},\"image\":{\"@id\":\"https:\/\/yamaha-centar.hr\/?p=9219#primaryimage\"},\"thumbnailUrl\":\"https:\/\/yamaha-centar.hr\/wp-content\/uploads\/2025\/10\/2026-Yamaha-YFM700R-L-EU-Anniversary_White-360-Degrees-001-03.jpg\",\"datePublished\":\"2025-10-01T14:46:07+00:00\",\"dateModified\":\"2025-10-01T14:46:07+00:00\",\"breadcrumb\":{\"@id\":\"https:\/\/yamaha-centar.hr\/?p=9219#breadcrumb\"},\"inLanguage\":\"hr\",\"potentialAction\":[{\"@type\":\"ReadAction\",\"target\":[\"https:\/\/yamaha-centar.hr\/?p=9219\"]}]},{\"@type\":\"ImageObject\",\"inLanguage\":\"hr\",\"@id\":\"https:\/\/yamaha-centar.hr\/?p=9219#primaryimage\",\"url\":\"https:\/\/yamaha-centar.hr\/wp-content\/uploads\/2025\/10\/2026-Yamaha-YFM700R-L-EU-Anniversary_White-360-Degrees-001-03.jpg\",\"contentUrl\":\"https:\/\/yamaha-centar.hr\/wp-content\/uploads\/2025\/10\/2026-Yamaha-YFM700R-L-EU-Anniversary_White-360-Degrees-001-03.jpg\",\"width\":2000,\"height\":1125},{\"@type\":\"BreadcrumbList\",\"@id\":\"https:\/\/yamaha-centar.hr\/?p=9219#breadcrumb\",\"itemListElement\":[{\"@type\":\"ListItem\",\"position\":1,\"name\":\"Naslovna\",\"item\":\"https:\/\/yamaha-centar.hr\/\"},{\"@type\":\"ListItem\",\"position\":2,\"name\":\"YFM700R 2026 izdanje za 70. obljetnicu\"}]},{\"@type\":\"WebSite\",\"@id\":\"https:\/\/yamaha-centar.hr\/#website\",\"url\":\"https:\/\/yamaha-centar.hr\/\",\"name\":\"Yamaha centar Zagreb\",\"description\":\"yamaha \/ motocikli \/ motori \/ skuteri \/ e-bicikli\",\"publisher\":{\"@id\":\"https:\/\/yamaha-centar.hr\/#organization\"},\"potentialAction\":[{\"@type\":\"SearchAction\",\"target\":{\"@type\":\"EntryPoint\",\"urlTemplate\":\"https:\/\/yamaha-centar.hr\/?s={search_term_string}\"},\"query-input\":\"required name=search_term_string\"}],\"inLanguage\":\"hr\"},{\"@type\":\"Organization\",\"@id\":\"https:\/\/yamaha-centar.hr\/#organization\",\"name\":\"Yamaha centar Zagreb\",\"url\":\"https:\/\/yamaha-centar.hr\/\",\"logo\":{\"@type\":\"ImageObject\",\"inLanguage\":\"hr\",\"@id\":\"https:\/\/yamaha-centar.hr\/#\/schema\/logo\/image\/\",\"url\":\"https:\/\/yamaha-centar.hr\/wp-content\/uploads\/2025\/02\/logo-nova-yamaha.jpg\",\"contentUrl\":\"https:\/\/yamaha-centar.hr\/wp-content\/uploads\/2025\/02\/logo-nova-yamaha.jpg\",\"width\":70,\"height\":70,\"caption\":\"Yamaha centar Zagreb\"},\"image\":{\"@id\":\"https:\/\/yamaha-centar.hr\/#\/schema\/logo\/image\/\"}},{\"@type\":\"Person\",\"@id\":\"https:\/\/yamaha-centar.hr\/#\/schema\/person\/1ef833a7ec3fed1b67987f2e91f66f13\",\"name\":\"yamaha\",\"image\":{\"@type\":\"ImageObject\",\"inLanguage\":\"hr\",\"@id\":\"https:\/\/yamaha-centar.hr\/#\/schema\/person\/image\/\",\"url\":\"https:\/\/secure.gravatar.com\/avatar\/15cf6ba994fae63801a90e29ac549544022c6e96ded59b4040f73ef057db0ef4?s=96&d=mm&r=g\",\"contentUrl\":\"https:\/\/secure.gravatar.com\/avatar\/15cf6ba994fae63801a90e29ac549544022c6e96ded59b4040f73ef057db0ef4?s=96&d=mm&r=g\",\"caption\":\"yamaha\"},\"sameAs\":[\"https:\/\/yamaha-centar.hr\"],\"url\":\"https:\/\/yamaha-centar.hr\/?author=1\"}]}<\/script>\n<!-- \/ Yoast SEO plugin. -->","yoast_head_json":{"title":"YFM700R 2026 izdanje za 70. obljetnicu - Yamaha centar Zagreb","robots":{"index":"index","follow":"follow","max-snippet":"max-snippet:-1","max-image-preview":"max-image-preview:large","max-video-preview":"max-video-preview:-1"},"canonical":"https:\/\/yamaha-centar.hr\/?p=9219","og_locale":"hr_HR","og_type":"article","og_title":"YFM700R 2026 izdanje za 70. obljetnicu - Yamaha centar Zagreb","og_description":"YFM700R izdanje za 70. obljetnicu Cijena na upit Spoj performansi trka\u0107ih specifikacija i legendarnog Yamahinog stila, YFM700R 70th Anniversary Edition odlikuje se uzbudljivom snagom, odli\u010dnom upravljivosti i upe\u010datljivim bijelom i crvenom bojom koje odlikuju na\u0161e prethodne terenske strojeve iz 90-ih. Vje\u010dna po\u010dast inovacijama i pobjedi. ODVA\u017dNE BOJE, DOKAZANA DNK Sna\u017ean \u010detverotaktni motor od 686 ccm [&hellip;]","og_url":"https:\/\/yamaha-centar.hr\/?p=9219","og_site_name":"Yamaha centar Zagreb","article_published_time":"2025-10-01T14:46:07+00:00","og_image":[{"width":2000,"height":1125,"url":"https:\/\/yamaha-centar.hr\/wp-content\/uploads\/2025\/10\/2026-Yamaha-YFM700R-L-EU-Anniversary_White-360-Degrees-001-03.jpg","type":"image\/jpeg"}],"author":"yamaha","twitter_card":"summary_large_image","twitter_misc":{"Napisao\/la":"yamaha","Procijenjeno vrijeme \u010ditanja":"1 minuta"},"schema":{"@context":"https:\/\/schema.org","@graph":[{"@type":"Article","@id":"https:\/\/yamaha-centar.hr\/?p=9219#article","isPartOf":{"@id":"https:\/\/yamaha-centar.hr\/?p=9219"},"author":{"name":"yamaha","@id":"https:\/\/yamaha-centar.hr\/#\/schema\/person\/1ef833a7ec3fed1b67987f2e91f66f13"},"headline":"YFM700R 2026 izdanje za 70. obljetnicu","datePublished":"2025-10-01T14:46:07+00:00","dateModified":"2025-10-01T14:46:07+00:00","mainEntityOfPage":{"@id":"https:\/\/yamaha-centar.hr\/?p=9219"},"wordCount":448,"publisher":{"@id":"https:\/\/yamaha-centar.hr\/#organization"},"image":{"@id":"https:\/\/yamaha-centar.hr\/?p=9219#primaryimage"},"thumbnailUrl":"https:\/\/yamaha-centar.hr\/wp-content\/uploads\/2025\/10\/2026-Yamaha-YFM700R-L-EU-Anniversary_White-360-Degrees-001-03.jpg","keywords":["sport ATV","yamaha","YFM700R 2026"],"articleSection":["ATV 2026","Sport ATV i SxS"],"inLanguage":"hr"},{"@type":"WebPage","@id":"https:\/\/yamaha-centar.hr\/?p=9219","url":"https:\/\/yamaha-centar.hr\/?p=9219","name":"YFM700R 2026 izdanje za 70. obljetnicu - Yamaha centar Zagreb","isPartOf":{"@id":"https:\/\/yamaha-centar.hr\/#website"},"primaryImageOfPage":{"@id":"https:\/\/yamaha-centar.hr\/?p=9219#primaryimage"},"image":{"@id":"https:\/\/yamaha-centar.hr\/?p=9219#primaryimage"},"thumbnailUrl":"https:\/\/yamaha-centar.hr\/wp-content\/uploads\/2025\/10\/2026-Yamaha-YFM700R-L-EU-Anniversary_White-360-Degrees-001-03.jpg","datePublished":"2025-10-01T14:46:07+00:00","dateModified":"2025-10-01T14:46:07+00:00","breadcrumb":{"@id":"https:\/\/yamaha-centar.hr\/?p=9219#breadcrumb"},"inLanguage":"hr","potentialAction":[{"@type":"ReadAction","target":["https:\/\/yamaha-centar.hr\/?p=9219"]}]},{"@type":"ImageObject","inLanguage":"hr","@id":"https:\/\/yamaha-centar.hr\/?p=9219#primaryimage","url":"https:\/\/yamaha-centar.hr\/wp-content\/uploads\/2025\/10\/2026-Yamaha-YFM700R-L-EU-Anniversary_White-360-Degrees-001-03.jpg","contentUrl":"https:\/\/yamaha-centar.hr\/wp-content\/uploads\/2025\/10\/2026-Yamaha-YFM700R-L-EU-Anniversary_White-360-Degrees-001-03.jpg","width":2000,"height":1125},{"@type":"BreadcrumbList","@id":"https:\/\/yamaha-centar.hr\/?p=9219#breadcrumb","itemListElement":[{"@type":"ListItem","position":1,"name":"Naslovna","item":"https:\/\/yamaha-centar.hr\/"},{"@type":"ListItem","position":2,"name":"YFM700R 2026 izdanje za 70. obljetnicu"}]},{"@type":"WebSite","@id":"https:\/\/yamaha-centar.hr\/#website","url":"https:\/\/yamaha-centar.hr\/","name":"Yamaha centar Zagreb","description":"yamaha \/ motocikli \/ motori \/ skuteri \/ e-bicikli","publisher":{"@id":"https:\/\/yamaha-centar.hr\/#organization"},"potentialAction":[{"@type":"SearchAction","target":{"@type":"EntryPoint","urlTemplate":"https:\/\/yamaha-centar.hr\/?s={search_term_string}"},"query-input":"required name=search_term_string"}],"inLanguage":"hr"},{"@type":"Organization","@id":"https:\/\/yamaha-centar.hr\/#organization","name":"Yamaha centar Zagreb","url":"https:\/\/yamaha-centar.hr\/","logo":{"@type":"ImageObject","inLanguage":"hr","@id":"https:\/\/yamaha-centar.hr\/#\/schema\/logo\/image\/","url":"https:\/\/yamaha-centar.hr\/wp-content\/uploads\/2025\/02\/logo-nova-yamaha.jpg","contentUrl":"https:\/\/yamaha-centar.hr\/wp-content\/uploads\/2025\/02\/logo-nova-yamaha.jpg","width":70,"height":70,"caption":"Yamaha centar Zagreb"},"image":{"@id":"https:\/\/yamaha-centar.hr\/#\/schema\/logo\/image\/"}},{"@type":"Person","@id":"https:\/\/yamaha-centar.hr\/#\/schema\/person\/1ef833a7ec3fed1b67987f2e91f66f13","name":"yamaha","image":{"@type":"ImageObject","inLanguage":"hr","@id":"https:\/\/yamaha-centar.hr\/#\/schema\/person\/image\/","url":"https:\/\/secure.gravatar.com\/avatar\/15cf6ba994fae63801a90e29ac549544022c6e96ded59b4040f73ef057db0ef4?s=96&d=mm&r=g","contentUrl":"https:\/\/secure.gravatar.com\/avatar\/15cf6ba994fae63801a90e29ac549544022c6e96ded59b4040f73ef057db0ef4?s=96&d=mm&r=g","caption":"yamaha"},"sameAs":["https:\/\/yamaha-centar.hr"],"url":"https:\/\/yamaha-centar.hr\/?author=1"}]}},"rttpg_featured_image_url":{"full":["https:\/\/yamaha-centar.hr\/wp-content\/uploads\/2025\/10\/2026-Yamaha-YFM700R-L-EU-Anniversary_White-360-Degrees-001-03.jpg",2000,1125,false],"landscape":["https:\/\/yamaha-centar.hr\/wp-content\/uploads\/2025\/10\/2026-Yamaha-YFM700R-L-EU-Anniversary_White-360-Degrees-001-03.jpg",2000,1125,false],"portraits":["https:\/\/yamaha-centar.hr\/wp-content\/uploads\/2025\/10\/2026-Yamaha-YFM700R-L-EU-Anniversary_White-360-Degrees-001-03.jpg",2000,1125,false],"thumbnail":["https:\/\/yamaha-centar.hr\/wp-content\/uploads\/2025\/10\/2026-Yamaha-YFM700R-L-EU-Anniversary_White-360-Degrees-001-03-150x150.jpg",150,150,true],"medium":["https:\/\/yamaha-centar.hr\/wp-content\/uploads\/2025\/10\/2026-Yamaha-YFM700R-L-EU-Anniversary_White-360-Degrees-001-03-300x169.jpg",300,169,true],"large":["https:\/\/yamaha-centar.hr\/wp-content\/uploads\/2025\/10\/2026-Yamaha-YFM700R-L-EU-Anniversary_White-360-Degrees-001-03-1024x576.jpg",1024,576,true],"1536x1536":["https:\/\/yamaha-centar.hr\/wp-content\/uploads\/2025\/10\/2026-Yamaha-YFM700R-L-EU-Anniversary_White-360-Degrees-001-03-1536x864.jpg",1536,864,true],"2048x2048":["https:\/\/yamaha-centar.hr\/wp-content\/uploads\/2025\/10\/2026-Yamaha-YFM700R-L-EU-Anniversary_White-360-Degrees-001-03.jpg",2000,1125,false],"sow-carousel-default":["https:\/\/yamaha-centar.hr\/wp-content\/uploads\/2025\/10\/2026-Yamaha-YFM700R-L-EU-Anniversary_White-360-Degrees-001-03-272x182.jpg",272,182,true],"sow-recent-post":["https:\/\/yamaha-centar.hr\/wp-content\/uploads\/2025\/10\/2026-Yamaha-YFM700R-L-EU-Anniversary_White-360-Degrees-001-03-216x216.jpg",216,216,true],"rt_custom":["https:\/\/yamaha-centar.hr\/wp-content\/uploads\/2025\/10\/2026-Yamaha-YFM700R-L-EU-Anniversary_White-360-Degrees-001-03.jpg",2000,1125,false]},"rttpg_author":{"display_name":"yamaha","author_link":"https:\/\/yamaha-centar.hr\/?author=1"},"rttpg_comment":0,"rttpg_category":"<a href=\"https:\/\/yamaha-centar.hr\/?cat=422\" rel=\"category\">ATV 2026<\/a> <a href=\"https:\/\/yamaha-centar.hr\/?cat=53\" rel=\"category\">Sport ATV i SxS<\/a>","rttpg_excerpt":"YFM700R izdanje za 70. obljetnicu Cijena na upit Spoj performansi trka\u0107ih specifikacija i legendarnog Yamahinog stila, YFM700R 70th Anniversary Edition odlikuje se uzbudljivom snagom, odli\u010dnom upravljivosti i upe\u010datljivim bijelom i crvenom bojom koje odlikuju na\u0161e prethodne terenske strojeve iz 90-ih. Vje\u010dna po\u010dast inovacijama i pobjedi. ODVA\u017dNE BOJE, DOKAZANA DNK Sna\u017ean \u010detverotaktni motor od 686 ccm&hellip;","_links":{"self":[{"href":"https:\/\/yamaha-centar.hr\/index.php?rest_route=\/wp\/v2\/posts\/9219","targetHints":{"allow":["GET"]}}],"collection":[{"href":"https:\/\/yamaha-centar.hr\/index.php?rest_route=\/wp\/v2\/posts"}],"about":[{"href":"https:\/\/yamaha-centar.hr\/index.php?rest_route=\/wp\/v2\/types\/post"}],"author":[{"embeddable":true,"href":"https:\/\/yamaha-centar.hr\/index.php?rest_route=\/wp\/v2\/users\/1"}],"replies":[{"embeddable":true,"href":"https:\/\/yamaha-centar.hr\/index.php?rest_route=%2Fwp%2Fv2%2Fcomments&post=9219"}],"version-history":[{"count":1,"href":"https:\/\/yamaha-centar.hr\/index.php?rest_route=\/wp\/v2\/posts\/9219\/revisions"}],"predecessor-version":[{"id":9229,"href":"https:\/\/yamaha-centar.hr\/index.php?rest_route=\/wp\/v2\/posts\/9219\/revisions\/9229"}],"wp:featuredmedia":[{"embeddable":true,"href":"https:\/\/yamaha-centar.hr\/index.php?rest_route=\/wp\/v2\/media\/9222"}],"wp:attachment":[{"href":"https:\/\/yamaha-centar.hr\/index.php?rest_route=%2Fwp%2Fv2%2Fmedia&parent=9219"}],"wp:term":[{"taxonomy":"category","embeddable":true,"href":"https:\/\/yamaha-centar.hr\/index.php?rest_route=%2Fwp%2Fv2%2Fcategories&post=9219"},{"taxonomy":"post_tag","embeddable":true,"href":"https:\/\/yamaha-centar.hr\/index.php?rest_route=%2Fwp%2Fv2%2Ftags&post=9219"}],"curies":[{"name":"wp","href":"https:\/\/api.w.org\/{rel}","templated":true}]}}