{"id":9062,"date":"2025-09-23T09:40:39","date_gmt":"2025-09-23T07:40:39","guid":{"rendered":"https:\/\/yamaha-centar.hr\/?p=9062"},"modified":"2025-09-28T16:52:27","modified_gmt":"2025-09-28T14:52:27","slug":"yz250-2026-izdanje-za-70-obljetnicu","status":"publish","type":"post","link":"https:\/\/yamaha-centar.hr\/?p=9062","title":{"rendered":"YZ250 2026 izdanje za 70. obljetnicu"},"content":{"rendered":"<style type=\"text\/css\">\n#foogallery-gallery-9065 .fg-image { width: 120px; }<\/style>\n\t\t\t<div class=\"foogallery foogallery-container foogallery-carousel foogallery-lightbox-foogallery fg-carousel-hide-pagination fg-carousel fg-ready fg-light fg-border-thin fg-shadow-outline fg-loading-default fg-loaded-fade-in fg-caption-hover fg-hover-fade fg-hover-zoom\" id=\"foogallery-gallery-9065\" data-foogallery=\"{&quot;item&quot;:{&quot;showCaptionTitle&quot;:true,&quot;showCaptionDescription&quot;:true},&quot;lazy&quot;:true,&quot;template&quot;:{&quot;maxItems&quot;:8,&quot;scale&quot;:0.11999999999999999555910790149937383830547332763671875,&quot;gutter&quot;:{&quot;min&quot;:-40,&quot;max&quot;:-20,&quot;unit&quot;:&quot;%&quot;},&quot;autoplay&quot;:{&quot;time&quot;:0,&quot;interaction&quot;:&quot;pause&quot;},&quot;centerOnClick&quot;:false}}\" data-foogallery-lightbox=\"{&quot;thumbs&quot;:&quot;bottom&quot;,&quot;thumbsCaptions&quot;:false,&quot;thumbsBestFit&quot;:false,&quot;thumbsSmall&quot;:false,&quot;thumbsCaptionsAlign&quot;:&quot;default&quot;,&quot;info&quot;:&quot;bottom&quot;,&quot;infoVisible&quot;:true,&quot;infoOverlay&quot;:true,&quot;infoAlign&quot;:&quot;default&quot;,&quot;transition&quot;:&quot;fade&quot;,&quot;hoverButtons&quot;:false,&quot;fitMedia&quot;:false,&quot;noScrollbars&quot;:true,&quot;preserveButtonSpace&quot;:true,&quot;buttons&quot;:{&quot;fullscreen&quot;:true,&quot;info&quot;:true,&quot;thumbs&quot;:false},&quot;video&quot;:{&quot;autoPlay&quot;:true}}\" style=\"--fg-title-line-clamp: 0; --fg-description-line-clamp: 0;\" >\n\t<button type=\"button\" class=\"fg-carousel-prev\"><\/button>\n\t<div class=\"fg-carousel-inner\">\n\t\t<div class=\"fg-carousel-center\"><\/div>\n\t\t<div class=\"fg-item fg-type-image fg-idle\"><figure class=\"fg-item-inner\"><a href=\"https:\/\/yamaha-centar.hr\/wp-content\/uploads\/2025\/09\/2026-Yamaha-YZ250LCSV-EU-Anniversary_White-360-Degrees-001-03.jpg\" data-attachment-id=\"9066\" data-type=\"image\" class=\"fg-thumb\"><span class=\"fg-image-wrap\"><img decoding=\"async\" width=\"120\" height=\"80\" class=\"skip-lazy fg-image\" data-src-fg=\"https:\/\/yamaha-centar.hr\/wp-content\/uploads\/cache\/2025\/09\/2026-Yamaha-YZ250LCSV-EU-Anniversary_White-360-Degrees-001-03\/1410801701.jpg\" src=\"data:image\/svg+xml,%3Csvg%20xmlns%3D%22http%3A%2F%2Fwww.w3.org%2F2000%2Fsvg%22%20width%3D%22120%22%20height%3D%2280%22%20viewBox%3D%220%200%20120%2080%22%3E%3C%2Fsvg%3E\" loading=\"eager\"><\/span><span class=\"fg-image-overlay\"><\/span><\/a><\/figure><div class=\"fg-loader\"><\/div><\/div><div class=\"fg-item fg-type-image fg-idle\"><figure class=\"fg-item-inner\"><a href=\"https:\/\/yamaha-centar.hr\/wp-content\/uploads\/2025\/09\/2026-Yamaha-YZ250LCSV-EU-Anniversary_White-Static-001-03.jpg\" data-attachment-id=\"9067\" data-type=\"image\" class=\"fg-thumb\"><span class=\"fg-image-wrap\"><img decoding=\"async\" width=\"120\" height=\"80\" class=\"skip-lazy fg-image\" data-src-fg=\"https:\/\/yamaha-centar.hr\/wp-content\/uploads\/cache\/2025\/09\/2026-Yamaha-YZ250LCSV-EU-Anniversary_White-Static-001-03\/2209689165.jpg\" src=\"data:image\/svg+xml,%3Csvg%20xmlns%3D%22http%3A%2F%2Fwww.w3.org%2F2000%2Fsvg%22%20width%3D%22120%22%20height%3D%2280%22%20viewBox%3D%220%200%20120%2080%22%3E%3C%2Fsvg%3E\" loading=\"eager\"><\/span><span class=\"fg-image-overlay\"><\/span><\/a><\/figure><div class=\"fg-loader\"><\/div><\/div><div class=\"fg-item fg-type-image fg-idle\"><figure class=\"fg-item-inner\"><a href=\"https:\/\/yamaha-centar.hr\/wp-content\/uploads\/2025\/09\/2026-Yamaha-YZ250LCSV-EU-Anniversary_White-Static-002-03.jpg\" data-attachment-id=\"9068\" data-type=\"image\" class=\"fg-thumb\"><span class=\"fg-image-wrap\"><img decoding=\"async\" width=\"120\" height=\"80\" class=\"skip-lazy fg-image\" data-src-fg=\"https:\/\/yamaha-centar.hr\/wp-content\/uploads\/cache\/2025\/09\/2026-Yamaha-YZ250LCSV-EU-Anniversary_White-Static-002-03\/414128135.jpg\" src=\"data:image\/svg+xml,%3Csvg%20xmlns%3D%22http%3A%2F%2Fwww.w3.org%2F2000%2Fsvg%22%20width%3D%22120%22%20height%3D%2280%22%20viewBox%3D%220%200%20120%2080%22%3E%3C%2Fsvg%3E\" loading=\"eager\"><\/span><span class=\"fg-image-overlay\"><\/span><\/a><\/figure><div class=\"fg-loader\"><\/div><\/div><div class=\"fg-item fg-type-image fg-idle\"><figure class=\"fg-item-inner\"><a href=\"https:\/\/yamaha-centar.hr\/wp-content\/uploads\/2025\/09\/2026-Yamaha-YZ250LCSV-EU-Anniversary_White-Studio-002-03.jpg\" data-attachment-id=\"9069\" data-type=\"image\" class=\"fg-thumb\"><span class=\"fg-image-wrap\"><img decoding=\"async\" width=\"120\" height=\"80\" class=\"skip-lazy fg-image\" data-src-fg=\"https:\/\/yamaha-centar.hr\/wp-content\/uploads\/cache\/2025\/09\/2026-Yamaha-YZ250LCSV-EU-Anniversary_White-Studio-002-03\/1870091149.jpg\" src=\"data:image\/svg+xml,%3Csvg%20xmlns%3D%22http%3A%2F%2Fwww.w3.org%2F2000%2Fsvg%22%20width%3D%22120%22%20height%3D%2280%22%20viewBox%3D%220%200%20120%2080%22%3E%3C%2Fsvg%3E\" loading=\"eager\"><\/span><span class=\"fg-image-overlay\"><\/span><\/a><\/figure><div class=\"fg-loader\"><\/div><\/div><div class=\"fg-item fg-type-image fg-idle\"><figure class=\"fg-item-inner\"><a href=\"https:\/\/yamaha-centar.hr\/wp-content\/uploads\/2025\/09\/2026-Yamaha-YZ250LCSV-EU-Anniversary_White-Studio-004-03.jpg\" data-attachment-id=\"9070\" data-type=\"image\" class=\"fg-thumb\"><span class=\"fg-image-wrap\"><img decoding=\"async\" width=\"120\" height=\"80\" class=\"skip-lazy fg-image\" data-src-fg=\"https:\/\/yamaha-centar.hr\/wp-content\/uploads\/cache\/2025\/09\/2026-Yamaha-YZ250LCSV-EU-Anniversary_White-Studio-004-03\/4206617318.jpg\" src=\"data:image\/svg+xml,%3Csvg%20xmlns%3D%22http%3A%2F%2Fwww.w3.org%2F2000%2Fsvg%22%20width%3D%22120%22%20height%3D%2280%22%20viewBox%3D%220%200%20120%2080%22%3E%3C%2Fsvg%3E\" loading=\"eager\"><\/span><span class=\"fg-image-overlay\"><\/span><\/a><\/figure><div class=\"fg-loader\"><\/div><\/div><div class=\"fg-item fg-type-image fg-idle\"><figure class=\"fg-item-inner\"><a href=\"https:\/\/yamaha-centar.hr\/wp-content\/uploads\/2025\/09\/2026-Yamaha-YZ250LCSV-EU-Anniversary_White-Studio-006-03.jpg\" data-attachment-id=\"9071\" data-type=\"image\" class=\"fg-thumb\"><span class=\"fg-image-wrap\"><img decoding=\"async\" width=\"120\" height=\"80\" class=\"skip-lazy fg-image\" data-src-fg=\"https:\/\/yamaha-centar.hr\/wp-content\/uploads\/cache\/2025\/09\/2026-Yamaha-YZ250LCSV-EU-Anniversary_White-Studio-006-03\/2728438570.jpg\" src=\"data:image\/svg+xml,%3Csvg%20xmlns%3D%22http%3A%2F%2Fwww.w3.org%2F2000%2Fsvg%22%20width%3D%22120%22%20height%3D%2280%22%20viewBox%3D%220%200%20120%2080%22%3E%3C%2Fsvg%3E\" loading=\"eager\"><\/span><span class=\"fg-image-overlay\"><\/span><\/a><\/figure><div class=\"fg-loader\"><\/div><\/div><div class=\"fg-item fg-type-image fg-idle\"><figure class=\"fg-item-inner\"><a href=\"https:\/\/yamaha-centar.hr\/wp-content\/uploads\/2025\/09\/2026-Yamaha-YZ250LCSV-EU-Anniversary_White-Studio-007-03.jpg\" data-attachment-id=\"9072\" data-type=\"image\" class=\"fg-thumb\"><span class=\"fg-image-wrap\"><img decoding=\"async\" width=\"120\" height=\"80\" class=\"skip-lazy fg-image\" data-src-fg=\"https:\/\/yamaha-centar.hr\/wp-content\/uploads\/cache\/2025\/09\/2026-Yamaha-YZ250LCSV-EU-Anniversary_White-Studio-007-03\/1672897789.jpg\" src=\"data:image\/svg+xml,%3Csvg%20xmlns%3D%22http%3A%2F%2Fwww.w3.org%2F2000%2Fsvg%22%20width%3D%22120%22%20height%3D%2280%22%20viewBox%3D%220%200%20120%2080%22%3E%3C%2Fsvg%3E\" loading=\"eager\"><\/span><span class=\"fg-image-overlay\"><\/span><\/a><\/figure><div class=\"fg-loader\"><\/div><\/div><div class=\"fg-item fg-type-image fg-idle\"><figure class=\"fg-item-inner\"><a href=\"https:\/\/yamaha-centar.hr\/wp-content\/uploads\/2025\/09\/2026-Yamaha-YZ250LCSV-EU-Anniversary_White-Studio-008-03.jpg\" data-attachment-id=\"9073\" data-type=\"image\" class=\"fg-thumb\"><span class=\"fg-image-wrap\"><img decoding=\"async\" width=\"120\" height=\"80\" class=\"skip-lazy fg-image\" data-src-fg=\"https:\/\/yamaha-centar.hr\/wp-content\/uploads\/cache\/2025\/09\/2026-Yamaha-YZ250LCSV-EU-Anniversary_White-Studio-008-03\/4030292022.jpg\" src=\"data:image\/svg+xml,%3Csvg%20xmlns%3D%22http%3A%2F%2Fwww.w3.org%2F2000%2Fsvg%22%20width%3D%22120%22%20height%3D%2280%22%20viewBox%3D%220%200%20120%2080%22%3E%3C%2Fsvg%3E\" loading=\"eager\"><\/span><span class=\"fg-image-overlay\"><\/span><\/a><\/figure><div class=\"fg-loader\"><\/div><\/div>\t<\/div>\n\t<div class=\"fg-carousel-bottom\"><\/div>\n\t<div class=\"fg-carousel-progress\"><\/div>\n\t<button type=\"button\" class=\"fg-carousel-next\"><\/button>\n<\/div><style type=\"text\/css\">#foogallery-gallery-9065 { margin-bottom: 45px; }<\/style>\n<h5>YZ250 izdanje za 70. obljetnicu <span id=\"cijena\">Cijena: 10.699 \u20ac<\/span><\/h5>\n<p>\u010cim vidite model YZ250, izdanje za 70. obljetnicu, znat \u0107ete da je to ono \u0161to vam je potrebno da svoje utrke podignete na vi\u0161u razinu. Uz pobjedni\u010dki DNK legendarnog dvotaktnog modela YZ250 dobivate i ekskluzivne grafike i posebne boje koje vam daju performanse i stil potrebne za uspjeh.<\/p>\n<h5 id=\"specifikacije\">DVOTAKTNA LEGENDA<\/h5>\n<p>Kombinacija iznimno sna\u017enog 2-taktnog agregata sa zna\u010dajkom YPVS (Yamaha Power Valve System) zapremnine 250 ccm, lagane aluminijske \u0161asije i jednog od najboljih sustava ovjesa u klasi \u010dini ovaj motocikl jedinstvenim i jednim od najuzbudljivijih motocikala za motokros koje \u0107ete ikada voziti. S vremenom je osvojio sve \u0161to vrijedi u motokrosu, superkrosu i MX slobodnom stilu. Sada je najo\u0161triji YZ250 ikad!<\/p>\n<p>Uzak trup osigurava dinami\u010dan i iznimno suvremeni izgled \u2013 a ravno sjedalo omogu\u0107uje lak\u0161e prebacivanje te\u017eine tijela pri ubrzavanju, vo\u017enji kroz zavoje ili ko\u010denju \u2013 pru\u017eaju\u0107i vam ve\u0107i stupanj nadzora. Dok sna\u017ean sustav prednje ko\u010dnice i svojstva amortizacija ovjesa poma\u017eu pri smanjivanju vremena krugova. Svojim posebnim izgledom, kojim pokazuje da stroj pripada vrhu postolja, izdanje modela YZ250 za 70. obljetnicu najpo\u017eeljniji je dvotaktni motocikl!<\/p>\n<h5 id=\"specifikacije\">ZNA\u010cAJKE<\/h5>\n<ul>\n<li>Bodywork izdanja za 70. obljetnicu<\/li>\n<li>Uska konstrukcija trupa<\/li>\n<li>Sna\u017ean ko\u010dioni sustav<\/li>\n<li>Vode\u0107i ovjes u klasi<\/li>\n<li>Iznimno u\u010dinkoviti usis zraka<\/li>\n<li>Natjecateljska ergonomija<\/li>\n<li>Dvotaktni agregat zapremnine 250 ccm sa zna\u010dajkom YPVS<\/li>\n<li>Lagano aluminijsko podvozje<\/li>\n<\/ul>\n<h5><span style=\"color: #000000;\"><a style=\"color: #000000;\" href=\"https:\/\/yamaha-centar.hr\/wp-content\/uploads\/2025\/09\/2026-YZ250LCSV_hr-HR.pdf\" target=\"_blank\" rel=\"noopener\">ZNA\u010cAJKE DETALJNO (PDF)<img loading=\"lazy\" decoding=\"async\" class=\"size-full wp-image-953 alignnone\" src=\"https:\/\/yamaha-centar.hr\/wp-content\/uploads\/2023\/12\/d-icon.png\" alt=\"\" width=\"20\" height=\"18\" \/><\/a><\/span><\/h5>\n<h5 id=\"specifikacije\">SPECIFIKACIJE<\/h5>\n<div class=\"responsive-tabs\">\n<h2 class=\"tabtitle\">Agregat<\/h2>\n<div class=\"tabcontent\">\n\n<p id=\"tabby\">Tip agregata: Hla\u0111enje teku\u0107inom, 2-takta, Jednocilindri\u010dan<br \/>\nZapremina: 249 ccm<br \/>\nProvrt x hod: 66,4 mm x 72,0 mm<br \/>\nOmjer kompresije: 8,9 &#8211; 10,6 : 1<br \/>\nSustav podmazivanja: Prethodno mije\u0161anje<br \/>\nTip kva\u010dila: Mokro, Vi\u0161estruki diskovi<br \/>\nSustav paljenja: CDI<br \/>\nSustav pokretanja: No\u017eno<br \/>\nSustav prijenosa: Stalan otvor, 5-brzinski<br \/>\nZavr\u0161ni prijenos: Lanac<br \/>\nRasplinja\u010d: Rasplinja\u010d<\/p>\n\n<\/div><h2 class=\"tabtitle\">\u0160asija<\/h2>\n<div class=\"tabcontent\">\n\n<p id=\"tabby\">Okvir: Dvostruke grede<br \/>\nKut prednje vilice: 27\u00b040&#8242;<br \/>\nPredtrag: 122 mm<br \/>\nSustav ovjesa sprijeda: Teleskopska vilica<br \/>\nSustav ovjesa straga: link ovjes, Njihaju\u010da ruka<br \/>\nHod ovjesa sprijeda: 300 mm<br \/>\nHod ovjesa straga: 315 mm<br \/>\nPrednja ko\u010dnica: Hidrauli\u010dni jednostruki disk, \u00d8 270 mm<br \/>\nStra\u017enja ko\u010dnica: Hidrauli\u010dni jednostruki disk, \u00d8 240 mm<br \/>\nPrednja guma: Gume 80\/100-21 51M<br \/>\nStra\u017enja guma: Gume 110\/90-19 62M<\/p>\n\n<\/div><h2 class=\"tabtitle\">Dimenzije<\/h2>\n<div class=\"tabcontent\">\n\n<p id=\"tabby\">Ukupna du\u017eina: 2185 mm<br \/>\nUkupna \u0161irina: 825 mm<br \/>\nUkupna visina: 1290 mm: Visina sjedala: 975 mm<br \/>\nMe\u0111uosovinski razmak: 1.485 mm<br \/>\nMinimalna udaljenost od tla: 360 mm<br \/>\nTe\u017eina (s punim spremnikom ulja i goriva): 103 kg<br \/>\nKapacitet spremnika goriva: 7 l<br \/>\nKapacitet spremnika za ulje: n\/d<\/p>\n<\/div><\/div>\n","protected":false},"excerpt":{"rendered":"<p>YZ250 izdanje za 70. obljetnicu Cijena: 10.699 \u20ac \u010cim vidite model YZ250, izdanje za 70. obljetnicu, znat \u0107ete da je to ono \u0161to vam je potrebno da svoje utrke podignete na vi\u0161u razinu. Uz pobjedni\u010dki DNK legendarnog dvotaktnog modela YZ250 dobivate i ekskluzivne grafike i posebne boje koje vam daju performanse i stil potrebne za [&hellip;]<\/p>\n","protected":false},"author":1,"featured_media":9066,"comment_status":"closed","ping_status":"open","sticky":false,"template":"","format":"standard","meta":{"_bbp_topic_count":0,"_bbp_reply_count":0,"_bbp_total_topic_count":0,"_bbp_total_reply_count":0,"_bbp_voice_count":0,"_bbp_anonymous_reply_count":0,"_bbp_topic_count_hidden":0,"_bbp_reply_count_hidden":0,"_bbp_forum_subforum_count":0,"footnotes":""},"categories":[410,111],"tags":[415,257,209,200,420],"class_list":["post-9062","post","type-post","status-publish","format-standard","has-post-thumbnail","hentry","category-motocikli-2026","category-off-road-competition","tag-motocikli-2026","tag-motokross","tag-off-road-competition","tag-yamaha","tag-yz250-2026"],"yoast_head":"<!-- This site is optimized with the Yoast SEO plugin v23.0 - https:\/\/yoast.com\/wordpress\/plugins\/seo\/ -->\n<title>YZ250 2026 izdanje za 70. obljetnicu - Yamaha centar Zagreb<\/title>\n<meta name=\"robots\" content=\"index, follow, max-snippet:-1, max-image-preview:large, max-video-preview:-1\" \/>\n<link rel=\"canonical\" href=\"https:\/\/yamaha-centar.hr\/?p=9062\" \/>\n<meta property=\"og:locale\" content=\"hr_HR\" \/>\n<meta property=\"og:type\" content=\"article\" \/>\n<meta property=\"og:title\" content=\"YZ250 2026 izdanje za 70. obljetnicu - Yamaha centar Zagreb\" \/>\n<meta property=\"og:description\" content=\"YZ250 izdanje za 70. obljetnicu Cijena: 10.699 \u20ac \u010cim vidite model YZ250, izdanje za 70. obljetnicu, znat \u0107ete da je to ono \u0161to vam je potrebno da svoje utrke podignete na vi\u0161u razinu. Uz pobjedni\u010dki DNK legendarnog dvotaktnog modela YZ250 dobivate i ekskluzivne grafike i posebne boje koje vam daju performanse i stil potrebne za [&hellip;]\" \/>\n<meta property=\"og:url\" content=\"https:\/\/yamaha-centar.hr\/?p=9062\" \/>\n<meta property=\"og:site_name\" content=\"Yamaha centar Zagreb\" \/>\n<meta property=\"article:published_time\" content=\"2025-09-23T07:40:39+00:00\" \/>\n<meta property=\"article:modified_time\" content=\"2025-09-28T14:52:27+00:00\" \/>\n<meta property=\"og:image\" content=\"https:\/\/yamaha-centar.hr\/wp-content\/uploads\/2025\/09\/2026-Yamaha-YZ250LCSV-EU-Anniversary_White-360-Degrees-001-03.jpg\" \/>\n\t<meta property=\"og:image:width\" content=\"2000\" \/>\n\t<meta property=\"og:image:height\" content=\"1125\" \/>\n\t<meta property=\"og:image:type\" content=\"image\/jpeg\" \/>\n<meta name=\"author\" content=\"yamaha\" \/>\n<meta name=\"twitter:card\" content=\"summary_large_image\" \/>\n<meta name=\"twitter:label1\" content=\"Napisao\/la\" \/>\n\t<meta name=\"twitter:data1\" content=\"yamaha\" \/>\n\t<meta name=\"twitter:label2\" content=\"Procijenjeno vrijeme \u010ditanja\" \/>\n\t<meta name=\"twitter:data2\" content=\"3 minute\" \/>\n<script type=\"application\/ld+json\" class=\"yoast-schema-graph\">{\"@context\":\"https:\/\/schema.org\",\"@graph\":[{\"@type\":\"Article\",\"@id\":\"https:\/\/yamaha-centar.hr\/?p=9062#article\",\"isPartOf\":{\"@id\":\"https:\/\/yamaha-centar.hr\/?p=9062\"},\"author\":{\"name\":\"yamaha\",\"@id\":\"https:\/\/yamaha-centar.hr\/#\/schema\/person\/1ef833a7ec3fed1b67987f2e91f66f13\"},\"headline\":\"YZ250 2026 izdanje za 70. obljetnicu\",\"datePublished\":\"2025-09-23T07:40:39+00:00\",\"dateModified\":\"2025-09-28T14:52:27+00:00\",\"mainEntityOfPage\":{\"@id\":\"https:\/\/yamaha-centar.hr\/?p=9062\"},\"wordCount\":398,\"publisher\":{\"@id\":\"https:\/\/yamaha-centar.hr\/#organization\"},\"image\":{\"@id\":\"https:\/\/yamaha-centar.hr\/?p=9062#primaryimage\"},\"thumbnailUrl\":\"https:\/\/yamaha-centar.hr\/wp-content\/uploads\/2025\/09\/2026-Yamaha-YZ250LCSV-EU-Anniversary_White-360-Degrees-001-03.jpg\",\"keywords\":[\"motocikli 2026\",\"motokross\",\"Off Road Competition\",\"yamaha\",\"YZ250 2026\"],\"articleSection\":[\"Motocikli 2026\",\"Off Road competition\"],\"inLanguage\":\"hr\"},{\"@type\":\"WebPage\",\"@id\":\"https:\/\/yamaha-centar.hr\/?p=9062\",\"url\":\"https:\/\/yamaha-centar.hr\/?p=9062\",\"name\":\"YZ250 2026 izdanje za 70. obljetnicu - Yamaha centar Zagreb\",\"isPartOf\":{\"@id\":\"https:\/\/yamaha-centar.hr\/#website\"},\"primaryImageOfPage\":{\"@id\":\"https:\/\/yamaha-centar.hr\/?p=9062#primaryimage\"},\"image\":{\"@id\":\"https:\/\/yamaha-centar.hr\/?p=9062#primaryimage\"},\"thumbnailUrl\":\"https:\/\/yamaha-centar.hr\/wp-content\/uploads\/2025\/09\/2026-Yamaha-YZ250LCSV-EU-Anniversary_White-360-Degrees-001-03.jpg\",\"datePublished\":\"2025-09-23T07:40:39+00:00\",\"dateModified\":\"2025-09-28T14:52:27+00:00\",\"breadcrumb\":{\"@id\":\"https:\/\/yamaha-centar.hr\/?p=9062#breadcrumb\"},\"inLanguage\":\"hr\",\"potentialAction\":[{\"@type\":\"ReadAction\",\"target\":[\"https:\/\/yamaha-centar.hr\/?p=9062\"]}]},{\"@type\":\"ImageObject\",\"inLanguage\":\"hr\",\"@id\":\"https:\/\/yamaha-centar.hr\/?p=9062#primaryimage\",\"url\":\"https:\/\/yamaha-centar.hr\/wp-content\/uploads\/2025\/09\/2026-Yamaha-YZ250LCSV-EU-Anniversary_White-360-Degrees-001-03.jpg\",\"contentUrl\":\"https:\/\/yamaha-centar.hr\/wp-content\/uploads\/2025\/09\/2026-Yamaha-YZ250LCSV-EU-Anniversary_White-360-Degrees-001-03.jpg\",\"width\":2000,\"height\":1125},{\"@type\":\"BreadcrumbList\",\"@id\":\"https:\/\/yamaha-centar.hr\/?p=9062#breadcrumb\",\"itemListElement\":[{\"@type\":\"ListItem\",\"position\":1,\"name\":\"Naslovna\",\"item\":\"https:\/\/yamaha-centar.hr\/\"},{\"@type\":\"ListItem\",\"position\":2,\"name\":\"YZ250 2026 izdanje za 70. obljetnicu\"}]},{\"@type\":\"WebSite\",\"@id\":\"https:\/\/yamaha-centar.hr\/#website\",\"url\":\"https:\/\/yamaha-centar.hr\/\",\"name\":\"Yamaha centar Zagreb\",\"description\":\"yamaha \/ motocikli \/ motori \/ skuteri \/ e-bicikli\",\"publisher\":{\"@id\":\"https:\/\/yamaha-centar.hr\/#organization\"},\"potentialAction\":[{\"@type\":\"SearchAction\",\"target\":{\"@type\":\"EntryPoint\",\"urlTemplate\":\"https:\/\/yamaha-centar.hr\/?s={search_term_string}\"},\"query-input\":\"required name=search_term_string\"}],\"inLanguage\":\"hr\"},{\"@type\":\"Organization\",\"@id\":\"https:\/\/yamaha-centar.hr\/#organization\",\"name\":\"Yamaha centar Zagreb\",\"url\":\"https:\/\/yamaha-centar.hr\/\",\"logo\":{\"@type\":\"ImageObject\",\"inLanguage\":\"hr\",\"@id\":\"https:\/\/yamaha-centar.hr\/#\/schema\/logo\/image\/\",\"url\":\"https:\/\/yamaha-centar.hr\/wp-content\/uploads\/2025\/02\/logo-nova-yamaha.jpg\",\"contentUrl\":\"https:\/\/yamaha-centar.hr\/wp-content\/uploads\/2025\/02\/logo-nova-yamaha.jpg\",\"width\":70,\"height\":70,\"caption\":\"Yamaha centar Zagreb\"},\"image\":{\"@id\":\"https:\/\/yamaha-centar.hr\/#\/schema\/logo\/image\/\"}},{\"@type\":\"Person\",\"@id\":\"https:\/\/yamaha-centar.hr\/#\/schema\/person\/1ef833a7ec3fed1b67987f2e91f66f13\",\"name\":\"yamaha\",\"image\":{\"@type\":\"ImageObject\",\"inLanguage\":\"hr\",\"@id\":\"https:\/\/yamaha-centar.hr\/#\/schema\/person\/image\/\",\"url\":\"https:\/\/secure.gravatar.com\/avatar\/15cf6ba994fae63801a90e29ac549544022c6e96ded59b4040f73ef057db0ef4?s=96&d=mm&r=g\",\"contentUrl\":\"https:\/\/secure.gravatar.com\/avatar\/15cf6ba994fae63801a90e29ac549544022c6e96ded59b4040f73ef057db0ef4?s=96&d=mm&r=g\",\"caption\":\"yamaha\"},\"sameAs\":[\"https:\/\/yamaha-centar.hr\"],\"url\":\"https:\/\/yamaha-centar.hr\/?author=1\"}]}<\/script>\n<!-- \/ Yoast SEO plugin. -->","yoast_head_json":{"title":"YZ250 2026 izdanje za 70. obljetnicu - Yamaha centar Zagreb","robots":{"index":"index","follow":"follow","max-snippet":"max-snippet:-1","max-image-preview":"max-image-preview:large","max-video-preview":"max-video-preview:-1"},"canonical":"https:\/\/yamaha-centar.hr\/?p=9062","og_locale":"hr_HR","og_type":"article","og_title":"YZ250 2026 izdanje za 70. obljetnicu - Yamaha centar Zagreb","og_description":"YZ250 izdanje za 70. obljetnicu Cijena: 10.699 \u20ac \u010cim vidite model YZ250, izdanje za 70. obljetnicu, znat \u0107ete da je to ono \u0161to vam je potrebno da svoje utrke podignete na vi\u0161u razinu. Uz pobjedni\u010dki DNK legendarnog dvotaktnog modela YZ250 dobivate i ekskluzivne grafike i posebne boje koje vam daju performanse i stil potrebne za [&hellip;]","og_url":"https:\/\/yamaha-centar.hr\/?p=9062","og_site_name":"Yamaha centar Zagreb","article_published_time":"2025-09-23T07:40:39+00:00","article_modified_time":"2025-09-28T14:52:27+00:00","og_image":[{"width":2000,"height":1125,"url":"https:\/\/yamaha-centar.hr\/wp-content\/uploads\/2025\/09\/2026-Yamaha-YZ250LCSV-EU-Anniversary_White-360-Degrees-001-03.jpg","type":"image\/jpeg"}],"author":"yamaha","twitter_card":"summary_large_image","twitter_misc":{"Napisao\/la":"yamaha","Procijenjeno vrijeme \u010ditanja":"3 minute"},"schema":{"@context":"https:\/\/schema.org","@graph":[{"@type":"Article","@id":"https:\/\/yamaha-centar.hr\/?p=9062#article","isPartOf":{"@id":"https:\/\/yamaha-centar.hr\/?p=9062"},"author":{"name":"yamaha","@id":"https:\/\/yamaha-centar.hr\/#\/schema\/person\/1ef833a7ec3fed1b67987f2e91f66f13"},"headline":"YZ250 2026 izdanje za 70. obljetnicu","datePublished":"2025-09-23T07:40:39+00:00","dateModified":"2025-09-28T14:52:27+00:00","mainEntityOfPage":{"@id":"https:\/\/yamaha-centar.hr\/?p=9062"},"wordCount":398,"publisher":{"@id":"https:\/\/yamaha-centar.hr\/#organization"},"image":{"@id":"https:\/\/yamaha-centar.hr\/?p=9062#primaryimage"},"thumbnailUrl":"https:\/\/yamaha-centar.hr\/wp-content\/uploads\/2025\/09\/2026-Yamaha-YZ250LCSV-EU-Anniversary_White-360-Degrees-001-03.jpg","keywords":["motocikli 2026","motokross","Off Road Competition","yamaha","YZ250 2026"],"articleSection":["Motocikli 2026","Off Road competition"],"inLanguage":"hr"},{"@type":"WebPage","@id":"https:\/\/yamaha-centar.hr\/?p=9062","url":"https:\/\/yamaha-centar.hr\/?p=9062","name":"YZ250 2026 izdanje za 70. obljetnicu - Yamaha centar Zagreb","isPartOf":{"@id":"https:\/\/yamaha-centar.hr\/#website"},"primaryImageOfPage":{"@id":"https:\/\/yamaha-centar.hr\/?p=9062#primaryimage"},"image":{"@id":"https:\/\/yamaha-centar.hr\/?p=9062#primaryimage"},"thumbnailUrl":"https:\/\/yamaha-centar.hr\/wp-content\/uploads\/2025\/09\/2026-Yamaha-YZ250LCSV-EU-Anniversary_White-360-Degrees-001-03.jpg","datePublished":"2025-09-23T07:40:39+00:00","dateModified":"2025-09-28T14:52:27+00:00","breadcrumb":{"@id":"https:\/\/yamaha-centar.hr\/?p=9062#breadcrumb"},"inLanguage":"hr","potentialAction":[{"@type":"ReadAction","target":["https:\/\/yamaha-centar.hr\/?p=9062"]}]},{"@type":"ImageObject","inLanguage":"hr","@id":"https:\/\/yamaha-centar.hr\/?p=9062#primaryimage","url":"https:\/\/yamaha-centar.hr\/wp-content\/uploads\/2025\/09\/2026-Yamaha-YZ250LCSV-EU-Anniversary_White-360-Degrees-001-03.jpg","contentUrl":"https:\/\/yamaha-centar.hr\/wp-content\/uploads\/2025\/09\/2026-Yamaha-YZ250LCSV-EU-Anniversary_White-360-Degrees-001-03.jpg","width":2000,"height":1125},{"@type":"BreadcrumbList","@id":"https:\/\/yamaha-centar.hr\/?p=9062#breadcrumb","itemListElement":[{"@type":"ListItem","position":1,"name":"Naslovna","item":"https:\/\/yamaha-centar.hr\/"},{"@type":"ListItem","position":2,"name":"YZ250 2026 izdanje za 70. obljetnicu"}]},{"@type":"WebSite","@id":"https:\/\/yamaha-centar.hr\/#website","url":"https:\/\/yamaha-centar.hr\/","name":"Yamaha centar Zagreb","description":"yamaha \/ motocikli \/ motori \/ skuteri \/ e-bicikli","publisher":{"@id":"https:\/\/yamaha-centar.hr\/#organization"},"potentialAction":[{"@type":"SearchAction","target":{"@type":"EntryPoint","urlTemplate":"https:\/\/yamaha-centar.hr\/?s={search_term_string}"},"query-input":"required name=search_term_string"}],"inLanguage":"hr"},{"@type":"Organization","@id":"https:\/\/yamaha-centar.hr\/#organization","name":"Yamaha centar Zagreb","url":"https:\/\/yamaha-centar.hr\/","logo":{"@type":"ImageObject","inLanguage":"hr","@id":"https:\/\/yamaha-centar.hr\/#\/schema\/logo\/image\/","url":"https:\/\/yamaha-centar.hr\/wp-content\/uploads\/2025\/02\/logo-nova-yamaha.jpg","contentUrl":"https:\/\/yamaha-centar.hr\/wp-content\/uploads\/2025\/02\/logo-nova-yamaha.jpg","width":70,"height":70,"caption":"Yamaha centar Zagreb"},"image":{"@id":"https:\/\/yamaha-centar.hr\/#\/schema\/logo\/image\/"}},{"@type":"Person","@id":"https:\/\/yamaha-centar.hr\/#\/schema\/person\/1ef833a7ec3fed1b67987f2e91f66f13","name":"yamaha","image":{"@type":"ImageObject","inLanguage":"hr","@id":"https:\/\/yamaha-centar.hr\/#\/schema\/person\/image\/","url":"https:\/\/secure.gravatar.com\/avatar\/15cf6ba994fae63801a90e29ac549544022c6e96ded59b4040f73ef057db0ef4?s=96&d=mm&r=g","contentUrl":"https:\/\/secure.gravatar.com\/avatar\/15cf6ba994fae63801a90e29ac549544022c6e96ded59b4040f73ef057db0ef4?s=96&d=mm&r=g","caption":"yamaha"},"sameAs":["https:\/\/yamaha-centar.hr"],"url":"https:\/\/yamaha-centar.hr\/?author=1"}]}},"rttpg_featured_image_url":{"full":["https:\/\/yamaha-centar.hr\/wp-content\/uploads\/2025\/09\/2026-Yamaha-YZ250LCSV-EU-Anniversary_White-360-Degrees-001-03.jpg",2000,1125,false],"landscape":["https:\/\/yamaha-centar.hr\/wp-content\/uploads\/2025\/09\/2026-Yamaha-YZ250LCSV-EU-Anniversary_White-360-Degrees-001-03.jpg",2000,1125,false],"portraits":["https:\/\/yamaha-centar.hr\/wp-content\/uploads\/2025\/09\/2026-Yamaha-YZ250LCSV-EU-Anniversary_White-360-Degrees-001-03.jpg",2000,1125,false],"thumbnail":["https:\/\/yamaha-centar.hr\/wp-content\/uploads\/2025\/09\/2026-Yamaha-YZ250LCSV-EU-Anniversary_White-360-Degrees-001-03-150x150.jpg",150,150,true],"medium":["https:\/\/yamaha-centar.hr\/wp-content\/uploads\/2025\/09\/2026-Yamaha-YZ250LCSV-EU-Anniversary_White-360-Degrees-001-03-300x169.jpg",300,169,true],"large":["https:\/\/yamaha-centar.hr\/wp-content\/uploads\/2025\/09\/2026-Yamaha-YZ250LCSV-EU-Anniversary_White-360-Degrees-001-03-1024x576.jpg",1024,576,true],"1536x1536":["https:\/\/yamaha-centar.hr\/wp-content\/uploads\/2025\/09\/2026-Yamaha-YZ250LCSV-EU-Anniversary_White-360-Degrees-001-03-1536x864.jpg",1536,864,true],"2048x2048":["https:\/\/yamaha-centar.hr\/wp-content\/uploads\/2025\/09\/2026-Yamaha-YZ250LCSV-EU-Anniversary_White-360-Degrees-001-03.jpg",2000,1125,false],"sow-carousel-default":["https:\/\/yamaha-centar.hr\/wp-content\/uploads\/2025\/09\/2026-Yamaha-YZ250LCSV-EU-Anniversary_White-360-Degrees-001-03-272x182.jpg",272,182,true],"sow-recent-post":["https:\/\/yamaha-centar.hr\/wp-content\/uploads\/2025\/09\/2026-Yamaha-YZ250LCSV-EU-Anniversary_White-360-Degrees-001-03-216x216.jpg",216,216,true],"rt_custom":["https:\/\/yamaha-centar.hr\/wp-content\/uploads\/2025\/09\/2026-Yamaha-YZ250LCSV-EU-Anniversary_White-360-Degrees-001-03.jpg",2000,1125,false]},"rttpg_author":{"display_name":"yamaha","author_link":"https:\/\/yamaha-centar.hr\/?author=1"},"rttpg_comment":0,"rttpg_category":"<a href=\"https:\/\/yamaha-centar.hr\/?cat=410\" rel=\"category\">Motocikli 2026<\/a> <a href=\"https:\/\/yamaha-centar.hr\/?cat=111\" rel=\"category\">Off Road competition<\/a>","rttpg_excerpt":"YZ250 izdanje za 70. obljetnicu Cijena: 10.699 \u20ac \u010cim vidite model YZ250, izdanje za 70. obljetnicu, znat \u0107ete da je to ono \u0161to vam je potrebno da svoje utrke podignete na vi\u0161u razinu. Uz pobjedni\u010dki DNK legendarnog dvotaktnog modela YZ250 dobivate i ekskluzivne grafike i posebne boje koje vam daju performanse i stil potrebne za&hellip;","_links":{"self":[{"href":"https:\/\/yamaha-centar.hr\/index.php?rest_route=\/wp\/v2\/posts\/9062","targetHints":{"allow":["GET"]}}],"collection":[{"href":"https:\/\/yamaha-centar.hr\/index.php?rest_route=\/wp\/v2\/posts"}],"about":[{"href":"https:\/\/yamaha-centar.hr\/index.php?rest_route=\/wp\/v2\/types\/post"}],"author":[{"embeddable":true,"href":"https:\/\/yamaha-centar.hr\/index.php?rest_route=\/wp\/v2\/users\/1"}],"replies":[{"embeddable":true,"href":"https:\/\/yamaha-centar.hr\/index.php?rest_route=%2Fwp%2Fv2%2Fcomments&post=9062"}],"version-history":[{"count":3,"href":"https:\/\/yamaha-centar.hr\/index.php?rest_route=\/wp\/v2\/posts\/9062\/revisions"}],"predecessor-version":[{"id":9124,"href":"https:\/\/yamaha-centar.hr\/index.php?rest_route=\/wp\/v2\/posts\/9062\/revisions\/9124"}],"wp:featuredmedia":[{"embeddable":true,"href":"https:\/\/yamaha-centar.hr\/index.php?rest_route=\/wp\/v2\/media\/9066"}],"wp:attachment":[{"href":"https:\/\/yamaha-centar.hr\/index.php?rest_route=%2Fwp%2Fv2%2Fmedia&parent=9062"}],"wp:term":[{"taxonomy":"category","embeddable":true,"href":"https:\/\/yamaha-centar.hr\/index.php?rest_route=%2Fwp%2Fv2%2Fcategories&post=9062"},{"taxonomy":"post_tag","embeddable":true,"href":"https:\/\/yamaha-centar.hr\/index.php?rest_route=%2Fwp%2Fv2%2Ftags&post=9062"}],"curies":[{"name":"wp","href":"https:\/\/api.w.org\/{rel}","templated":true}]}}