{"id":7733,"date":"2024-11-06T20:47:36","date_gmt":"2024-11-06T19:47:36","guid":{"rendered":"https:\/\/yamaha-centar.hr\/?p=7733"},"modified":"2025-01-23T19:33:39","modified_gmt":"2025-01-23T18:33:39","slug":"tenere-700-rally-2025","status":"publish","type":"post","link":"https:\/\/yamaha-centar.hr\/?p=7733","title":{"rendered":"T\u00e9n\u00e9r\u00e9 700 Rally 2025"},"content":{"rendered":"<style type=\"text\/css\">\n#foogallery-gallery-7735 .fg-image { width: 120px; }<\/style>\n\t\t\t<div class=\"foogallery foogallery-container foogallery-carousel foogallery-lightbox-foogallery fg-carousel-hide-pagination fg-carousel fg-ready fg-light fg-border-thin fg-shadow-outline fg-loading-default fg-loaded-fade-in fg-caption-hover fg-hover-fade fg-hover-zoom\" id=\"foogallery-gallery-7735\" data-foogallery=\"{&quot;item&quot;:{&quot;showCaptionTitle&quot;:true,&quot;showCaptionDescription&quot;:true},&quot;lazy&quot;:true,&quot;template&quot;:{&quot;maxItems&quot;:8,&quot;scale&quot;:0.11999999999999999555910790149937383830547332763671875,&quot;gutter&quot;:{&quot;min&quot;:-40,&quot;max&quot;:-20,&quot;unit&quot;:&quot;%&quot;},&quot;autoplay&quot;:{&quot;time&quot;:0,&quot;interaction&quot;:&quot;pause&quot;},&quot;centerOnClick&quot;:false}}\" data-foogallery-lightbox=\"{&quot;thumbs&quot;:&quot;bottom&quot;,&quot;thumbsCaptions&quot;:false,&quot;thumbsBestFit&quot;:false,&quot;thumbsSmall&quot;:false,&quot;thumbsCaptionsAlign&quot;:&quot;default&quot;,&quot;info&quot;:&quot;bottom&quot;,&quot;infoVisible&quot;:true,&quot;infoOverlay&quot;:true,&quot;infoAlign&quot;:&quot;default&quot;,&quot;transition&quot;:&quot;fade&quot;,&quot;hoverButtons&quot;:false,&quot;fitMedia&quot;:false,&quot;noScrollbars&quot;:true,&quot;preserveButtonSpace&quot;:true,&quot;buttons&quot;:{&quot;fullscreen&quot;:true,&quot;info&quot;:true,&quot;thumbs&quot;:false},&quot;video&quot;:{&quot;autoPlay&quot;:true}}\" style=\"--fg-title-line-clamp: 0; --fg-description-line-clamp: 0;\" >\n\t<button type=\"button\" class=\"fg-carousel-prev\"><\/button>\n\t<div class=\"fg-carousel-inner\">\n\t\t<div class=\"fg-carousel-center\"><\/div>\n\t\t<div class=\"fg-item fg-type-image fg-idle\"><figure class=\"fg-item-inner\"><a href=\"https:\/\/yamaha-centar.hr\/wp-content\/uploads\/2024\/11\/2025-Yamaha-XTZ700SPR-EU-Sky_Blue-360-Degrees-001-03.jpg\" data-attachment-id=\"7736\" data-type=\"image\" class=\"fg-thumb\"><span class=\"fg-image-wrap\"><img decoding=\"async\" width=\"120\" height=\"80\" class=\"skip-lazy fg-image\" data-src-fg=\"https:\/\/yamaha-centar.hr\/wp-content\/uploads\/cache\/2024\/11\/2025-Yamaha-XTZ700SPR-EU-Sky_Blue-360-Degrees-001-03\/2326062618.jpg\" src=\"data:image\/svg+xml,%3Csvg%20xmlns%3D%22http%3A%2F%2Fwww.w3.org%2F2000%2Fsvg%22%20width%3D%22120%22%20height%3D%2280%22%20viewBox%3D%220%200%20120%2080%22%3E%3C%2Fsvg%3E\" loading=\"eager\"><\/span><span class=\"fg-image-overlay\"><\/span><\/a><\/figure><div class=\"fg-loader\"><\/div><\/div><div class=\"fg-item fg-type-image fg-idle\"><figure class=\"fg-item-inner\"><a href=\"https:\/\/yamaha-centar.hr\/wp-content\/uploads\/2024\/11\/2025-Yamaha-XTZ700SPR-EU-Sky_Blue-Action-001-03.jpg\" data-attachment-id=\"7737\" data-type=\"image\" class=\"fg-thumb\"><span class=\"fg-image-wrap\"><img decoding=\"async\" width=\"120\" height=\"80\" class=\"skip-lazy fg-image\" data-src-fg=\"https:\/\/yamaha-centar.hr\/wp-content\/uploads\/cache\/2024\/11\/2025-Yamaha-XTZ700SPR-EU-Sky_Blue-Action-001-03\/3601593987.jpg\" src=\"data:image\/svg+xml,%3Csvg%20xmlns%3D%22http%3A%2F%2Fwww.w3.org%2F2000%2Fsvg%22%20width%3D%22120%22%20height%3D%2280%22%20viewBox%3D%220%200%20120%2080%22%3E%3C%2Fsvg%3E\" loading=\"eager\"><\/span><span class=\"fg-image-overlay\"><\/span><\/a><\/figure><div class=\"fg-loader\"><\/div><\/div><div class=\"fg-item fg-type-image fg-idle\"><figure class=\"fg-item-inner\"><a href=\"https:\/\/yamaha-centar.hr\/wp-content\/uploads\/2024\/11\/2025-Yamaha-XTZ700SPR-EU-Sky_Blue-Action-002-03.jpg\" data-attachment-id=\"7738\" data-type=\"image\" class=\"fg-thumb\"><span class=\"fg-image-wrap\"><img decoding=\"async\" width=\"120\" height=\"80\" class=\"skip-lazy fg-image\" data-src-fg=\"https:\/\/yamaha-centar.hr\/wp-content\/uploads\/cache\/2024\/11\/2025-Yamaha-XTZ700SPR-EU-Sky_Blue-Action-002-03\/6029477.jpg\" src=\"data:image\/svg+xml,%3Csvg%20xmlns%3D%22http%3A%2F%2Fwww.w3.org%2F2000%2Fsvg%22%20width%3D%22120%22%20height%3D%2280%22%20viewBox%3D%220%200%20120%2080%22%3E%3C%2Fsvg%3E\" loading=\"eager\"><\/span><span class=\"fg-image-overlay\"><\/span><\/a><\/figure><div class=\"fg-loader\"><\/div><\/div><div class=\"fg-item fg-type-image fg-idle\"><figure class=\"fg-item-inner\"><a href=\"https:\/\/yamaha-centar.hr\/wp-content\/uploads\/2024\/11\/2025-Yamaha-XTZ700SPR-EU-Sky_Blue-Action-003-03.jpg\" data-attachment-id=\"7739\" data-type=\"image\" class=\"fg-thumb\"><span class=\"fg-image-wrap\"><img decoding=\"async\" width=\"120\" height=\"80\" class=\"skip-lazy fg-image\" data-src-fg=\"https:\/\/yamaha-centar.hr\/wp-content\/uploads\/cache\/2024\/11\/2025-Yamaha-XTZ700SPR-EU-Sky_Blue-Action-003-03\/394095798.jpg\" src=\"data:image\/svg+xml,%3Csvg%20xmlns%3D%22http%3A%2F%2Fwww.w3.org%2F2000%2Fsvg%22%20width%3D%22120%22%20height%3D%2280%22%20viewBox%3D%220%200%20120%2080%22%3E%3C%2Fsvg%3E\" loading=\"eager\"><\/span><span class=\"fg-image-overlay\"><\/span><\/a><\/figure><div class=\"fg-loader\"><\/div><\/div><div class=\"fg-item fg-type-image fg-idle\"><figure class=\"fg-item-inner\"><a href=\"https:\/\/yamaha-centar.hr\/wp-content\/uploads\/2024\/11\/2025-Yamaha-XTZ700SPR-EU-Sky_Blue-Action-004-03.jpg\" data-attachment-id=\"7740\" data-type=\"image\" class=\"fg-thumb\"><span class=\"fg-image-wrap\"><img decoding=\"async\" width=\"120\" height=\"80\" class=\"skip-lazy fg-image\" data-src-fg=\"https:\/\/yamaha-centar.hr\/wp-content\/uploads\/cache\/2024\/11\/2025-Yamaha-XTZ700SPR-EU-Sky_Blue-Action-004-03\/3053817128.jpg\" src=\"data:image\/svg+xml,%3Csvg%20xmlns%3D%22http%3A%2F%2Fwww.w3.org%2F2000%2Fsvg%22%20width%3D%22120%22%20height%3D%2280%22%20viewBox%3D%220%200%20120%2080%22%3E%3C%2Fsvg%3E\" loading=\"eager\"><\/span><span class=\"fg-image-overlay\"><\/span><\/a><\/figure><div class=\"fg-loader\"><\/div><\/div><div class=\"fg-item fg-type-image fg-idle\"><figure class=\"fg-item-inner\"><a href=\"https:\/\/yamaha-centar.hr\/wp-content\/uploads\/2024\/11\/2025-Yamaha-XTZ700SPR-EU-Sky_Blue-Action-005-03.jpg\" data-attachment-id=\"7741\" data-type=\"image\" class=\"fg-thumb\"><span class=\"fg-image-wrap\"><img decoding=\"async\" width=\"120\" height=\"80\" class=\"skip-lazy fg-image\" data-src-fg=\"https:\/\/yamaha-centar.hr\/wp-content\/uploads\/cache\/2024\/11\/2025-Yamaha-XTZ700SPR-EU-Sky_Blue-Action-005-03\/2703548731.jpg\" src=\"data:image\/svg+xml,%3Csvg%20xmlns%3D%22http%3A%2F%2Fwww.w3.org%2F2000%2Fsvg%22%20width%3D%22120%22%20height%3D%2280%22%20viewBox%3D%220%200%20120%2080%22%3E%3C%2Fsvg%3E\" loading=\"eager\"><\/span><span class=\"fg-image-overlay\"><\/span><\/a><\/figure><div class=\"fg-loader\"><\/div><\/div><div class=\"fg-item fg-type-image fg-idle\"><figure class=\"fg-item-inner\"><a href=\"https:\/\/yamaha-centar.hr\/wp-content\/uploads\/2024\/11\/2025-Yamaha-XTZ700SPR-EU-Sky_Blue-Action-006-03.jpg\" data-attachment-id=\"7742\" data-type=\"image\" class=\"fg-thumb\"><span class=\"fg-image-wrap\"><img decoding=\"async\" width=\"120\" height=\"80\" class=\"skip-lazy fg-image\" data-src-fg=\"https:\/\/yamaha-centar.hr\/wp-content\/uploads\/cache\/2024\/11\/2025-Yamaha-XTZ700SPR-EU-Sky_Blue-Action-006-03\/2554811662.jpg\" src=\"data:image\/svg+xml,%3Csvg%20xmlns%3D%22http%3A%2F%2Fwww.w3.org%2F2000%2Fsvg%22%20width%3D%22120%22%20height%3D%2280%22%20viewBox%3D%220%200%20120%2080%22%3E%3C%2Fsvg%3E\" loading=\"eager\"><\/span><span class=\"fg-image-overlay\"><\/span><\/a><\/figure><div class=\"fg-loader\"><\/div><\/div><div class=\"fg-item fg-type-image fg-idle\"><figure class=\"fg-item-inner\"><a href=\"https:\/\/yamaha-centar.hr\/wp-content\/uploads\/2024\/11\/2025-Yamaha-XTZ700SPR-EU-Sky_Blue-Action-007-03.jpg\" data-attachment-id=\"7743\" data-type=\"image\" class=\"fg-thumb\"><span class=\"fg-image-wrap\"><img decoding=\"async\" width=\"120\" height=\"80\" class=\"skip-lazy fg-image\" data-src-fg=\"https:\/\/yamaha-centar.hr\/wp-content\/uploads\/cache\/2024\/11\/2025-Yamaha-XTZ700SPR-EU-Sky_Blue-Action-007-03\/2405841181.jpg\" src=\"data:image\/svg+xml,%3Csvg%20xmlns%3D%22http%3A%2F%2Fwww.w3.org%2F2000%2Fsvg%22%20width%3D%22120%22%20height%3D%2280%22%20viewBox%3D%220%200%20120%2080%22%3E%3C%2Fsvg%3E\" loading=\"eager\"><\/span><span class=\"fg-image-overlay\"><\/span><\/a><\/figure><div class=\"fg-loader\"><\/div><\/div><div class=\"fg-item fg-type-image fg-idle\"><figure class=\"fg-item-inner\"><a href=\"https:\/\/yamaha-centar.hr\/wp-content\/uploads\/2024\/11\/2025-Yamaha-XTZ700SPR-EU-Sky_Blue-Action-008-03.jpg\" data-attachment-id=\"7744\" data-type=\"image\" class=\"fg-thumb\"><span class=\"fg-image-wrap\"><img decoding=\"async\" width=\"120\" height=\"80\" class=\"skip-lazy fg-image\" data-src-fg=\"https:\/\/yamaha-centar.hr\/wp-content\/uploads\/cache\/2024\/11\/2025-Yamaha-XTZ700SPR-EU-Sky_Blue-Action-008-03\/1346624545.jpg\" src=\"data:image\/svg+xml,%3Csvg%20xmlns%3D%22http%3A%2F%2Fwww.w3.org%2F2000%2Fsvg%22%20width%3D%22120%22%20height%3D%2280%22%20viewBox%3D%220%200%20120%2080%22%3E%3C%2Fsvg%3E\" loading=\"eager\"><\/span><span class=\"fg-image-overlay\"><\/span><\/a><\/figure><div class=\"fg-loader\"><\/div><\/div><div class=\"fg-item fg-type-image fg-idle\"><figure class=\"fg-item-inner\"><a href=\"https:\/\/yamaha-centar.hr\/wp-content\/uploads\/2024\/11\/2025-Yamaha-XTZ700SPR-EU-Sky_Blue-Action-009-03.jpg\" data-attachment-id=\"7745\" data-type=\"image\" class=\"fg-thumb\"><span class=\"fg-image-wrap\"><img decoding=\"async\" width=\"120\" height=\"80\" class=\"skip-lazy fg-image\" data-src-fg=\"https:\/\/yamaha-centar.hr\/wp-content\/uploads\/cache\/2024\/11\/2025-Yamaha-XTZ700SPR-EU-Sky_Blue-Action-009-03\/1197649970.jpg\" src=\"data:image\/svg+xml,%3Csvg%20xmlns%3D%22http%3A%2F%2Fwww.w3.org%2F2000%2Fsvg%22%20width%3D%22120%22%20height%3D%2280%22%20viewBox%3D%220%200%20120%2080%22%3E%3C%2Fsvg%3E\" loading=\"eager\"><\/span><span class=\"fg-image-overlay\"><\/span><\/a><\/figure><div class=\"fg-loader\"><\/div><\/div><div class=\"fg-item fg-type-image fg-idle\"><figure class=\"fg-item-inner\"><a href=\"https:\/\/yamaha-centar.hr\/wp-content\/uploads\/2024\/11\/2025-Yamaha-XTZ700SPR-EU-Sky_Blue-Action-010-03.jpg\" data-attachment-id=\"7746\" data-type=\"image\" class=\"fg-thumb\"><span class=\"fg-image-wrap\"><img decoding=\"async\" width=\"120\" height=\"80\" class=\"skip-lazy fg-image\" data-src-fg=\"https:\/\/yamaha-centar.hr\/wp-content\/uploads\/cache\/2024\/11\/2025-Yamaha-XTZ700SPR-EU-Sky_Blue-Action-010-03\/118165740.jpg\" src=\"data:image\/svg+xml,%3Csvg%20xmlns%3D%22http%3A%2F%2Fwww.w3.org%2F2000%2Fsvg%22%20width%3D%22120%22%20height%3D%2280%22%20viewBox%3D%220%200%20120%2080%22%3E%3C%2Fsvg%3E\" loading=\"eager\"><\/span><span class=\"fg-image-overlay\"><\/span><\/a><\/figure><div class=\"fg-loader\"><\/div><\/div><div class=\"fg-item fg-type-image fg-idle\"><figure class=\"fg-item-inner\"><a href=\"https:\/\/yamaha-centar.hr\/wp-content\/uploads\/2024\/11\/2025-Yamaha-XTZ700SPR-EU-Sky_Blue-Action-011-03.jpg\" data-attachment-id=\"7747\" data-type=\"image\" class=\"fg-thumb\"><span class=\"fg-image-wrap\"><img decoding=\"async\" width=\"120\" height=\"80\" class=\"skip-lazy fg-image\" data-src-fg=\"https:\/\/yamaha-centar.hr\/wp-content\/uploads\/cache\/2024\/11\/2025-Yamaha-XTZ700SPR-EU-Sky_Blue-Action-011-03\/271219967.jpg\" src=\"data:image\/svg+xml,%3Csvg%20xmlns%3D%22http%3A%2F%2Fwww.w3.org%2F2000%2Fsvg%22%20width%3D%22120%22%20height%3D%2280%22%20viewBox%3D%220%200%20120%2080%22%3E%3C%2Fsvg%3E\" loading=\"eager\"><\/span><span class=\"fg-image-overlay\"><\/span><\/a><\/figure><div class=\"fg-loader\"><\/div><\/div><div class=\"fg-item fg-type-image fg-idle\"><figure class=\"fg-item-inner\"><a href=\"https:\/\/yamaha-centar.hr\/wp-content\/uploads\/2024\/11\/2025-Yamaha-XTZ700SPR-EU-Sky_Blue-Action-012-03.jpg\" data-attachment-id=\"7748\" data-type=\"image\" class=\"fg-thumb\"><span class=\"fg-image-wrap\"><img decoding=\"async\" width=\"120\" height=\"80\" class=\"skip-lazy fg-image\" data-src-fg=\"https:\/\/yamaha-centar.hr\/wp-content\/uploads\/cache\/2024\/11\/2025-Yamaha-XTZ700SPR-EU-Sky_Blue-Action-012-03\/3336407769.jpg\" src=\"data:image\/svg+xml,%3Csvg%20xmlns%3D%22http%3A%2F%2Fwww.w3.org%2F2000%2Fsvg%22%20width%3D%22120%22%20height%3D%2280%22%20viewBox%3D%220%200%20120%2080%22%3E%3C%2Fsvg%3E\" loading=\"eager\"><\/span><span class=\"fg-image-overlay\"><\/span><\/a><\/figure><div class=\"fg-loader\"><\/div><\/div><div class=\"fg-item fg-type-image fg-idle\"><figure class=\"fg-item-inner\"><a href=\"https:\/\/yamaha-centar.hr\/wp-content\/uploads\/2024\/11\/2025-Yamaha-XTZ700SPR-EU-Sky_Blue-Action-013-03.jpg\" data-attachment-id=\"7749\" data-type=\"image\" class=\"fg-thumb\"><span class=\"fg-image-wrap\"><img decoding=\"async\" width=\"120\" height=\"80\" class=\"skip-lazy fg-image\" data-src-fg=\"https:\/\/yamaha-centar.hr\/wp-content\/uploads\/cache\/2024\/11\/2025-Yamaha-XTZ700SPR-EU-Sky_Blue-Action-013-03\/3523012298.jpg\" src=\"data:image\/svg+xml,%3Csvg%20xmlns%3D%22http%3A%2F%2Fwww.w3.org%2F2000%2Fsvg%22%20width%3D%22120%22%20height%3D%2280%22%20viewBox%3D%220%200%20120%2080%22%3E%3C%2Fsvg%3E\" loading=\"eager\"><\/span><span class=\"fg-image-overlay\"><\/span><\/a><\/figure><div class=\"fg-loader\"><\/div><\/div><div class=\"fg-item fg-type-image fg-idle\"><figure class=\"fg-item-inner\"><a href=\"https:\/\/yamaha-centar.hr\/wp-content\/uploads\/2024\/11\/2025-Yamaha-XTZ700SPR-EU-Sky_Blue-Action-014-03.jpg\" data-attachment-id=\"7750\" data-type=\"image\" class=\"fg-thumb\"><span class=\"fg-image-wrap\"><img decoding=\"async\" width=\"120\" height=\"80\" class=\"skip-lazy fg-image\" data-src-fg=\"https:\/\/yamaha-centar.hr\/wp-content\/uploads\/cache\/2024\/11\/2025-Yamaha-XTZ700SPR-EU-Sky_Blue-Action-014-03\/850193818.jpg\" src=\"data:image\/svg+xml,%3Csvg%20xmlns%3D%22http%3A%2F%2Fwww.w3.org%2F2000%2Fsvg%22%20width%3D%22120%22%20height%3D%2280%22%20viewBox%3D%220%200%20120%2080%22%3E%3C%2Fsvg%3E\" loading=\"eager\"><\/span><span class=\"fg-image-overlay\"><\/span><\/a><\/figure><div class=\"fg-loader\"><\/div><\/div><div class=\"fg-item fg-type-image fg-idle\"><figure class=\"fg-item-inner\"><a href=\"https:\/\/yamaha-centar.hr\/wp-content\/uploads\/2024\/11\/2025-Yamaha-XTZ700SPR-EU-Sky_Blue-Action-015-03.jpg\" data-attachment-id=\"7751\" data-type=\"image\" class=\"fg-thumb\"><span class=\"fg-image-wrap\"><img decoding=\"async\" width=\"120\" height=\"80\" class=\"skip-lazy fg-image\" data-src-fg=\"https:\/\/yamaha-centar.hr\/wp-content\/uploads\/cache\/2024\/11\/2025-Yamaha-XTZ700SPR-EU-Sky_Blue-Action-015-03\/630030729.jpg\" src=\"data:image\/svg+xml,%3Csvg%20xmlns%3D%22http%3A%2F%2Fwww.w3.org%2F2000%2Fsvg%22%20width%3D%22120%22%20height%3D%2280%22%20viewBox%3D%220%200%20120%2080%22%3E%3C%2Fsvg%3E\" loading=\"eager\"><\/span><span class=\"fg-image-overlay\"><\/span><\/a><\/figure><div class=\"fg-loader\"><\/div><\/div><div class=\"fg-item fg-type-image fg-idle\"><figure class=\"fg-item-inner\"><a href=\"https:\/\/yamaha-centar.hr\/wp-content\/uploads\/2024\/11\/2025-Yamaha-XTZ700SPR-EU-Sky_Blue-Action-016-03.jpg\" data-attachment-id=\"7752\" data-type=\"image\" class=\"fg-thumb\"><span class=\"fg-image-wrap\"><img decoding=\"async\" width=\"120\" height=\"80\" class=\"skip-lazy fg-image\" data-src-fg=\"https:\/\/yamaha-centar.hr\/wp-content\/uploads\/cache\/2024\/11\/2025-Yamaha-XTZ700SPR-EU-Sky_Blue-Action-016-03\/485373372.jpg\" src=\"data:image\/svg+xml,%3Csvg%20xmlns%3D%22http%3A%2F%2Fwww.w3.org%2F2000%2Fsvg%22%20width%3D%22120%22%20height%3D%2280%22%20viewBox%3D%220%200%20120%2080%22%3E%3C%2Fsvg%3E\" loading=\"eager\"><\/span><span class=\"fg-image-overlay\"><\/span><\/a><\/figure><div class=\"fg-loader\"><\/div><\/div><div class=\"fg-item fg-type-image fg-idle\"><figure class=\"fg-item-inner\"><a href=\"https:\/\/yamaha-centar.hr\/wp-content\/uploads\/2024\/11\/2025-Yamaha-XTZ700SPR-EU-Sky_Blue-Action-017-03.jpg\" data-attachment-id=\"7753\" data-type=\"image\" class=\"fg-thumb\"><span class=\"fg-image-wrap\"><img decoding=\"async\" width=\"120\" height=\"80\" class=\"skip-lazy fg-image\" data-src-fg=\"https:\/\/yamaha-centar.hr\/wp-content\/uploads\/cache\/2024\/11\/2025-Yamaha-XTZ700SPR-EU-Sky_Blue-Action-017-03\/198138287.jpg\" src=\"data:image\/svg+xml,%3Csvg%20xmlns%3D%22http%3A%2F%2Fwww.w3.org%2F2000%2Fsvg%22%20width%3D%22120%22%20height%3D%2280%22%20viewBox%3D%220%200%20120%2080%22%3E%3C%2Fsvg%3E\" loading=\"eager\"><\/span><span class=\"fg-image-overlay\"><\/span><\/a><\/figure><div class=\"fg-loader\"><\/div><\/div><div class=\"fg-item fg-type-image fg-idle\"><figure class=\"fg-item-inner\"><a href=\"https:\/\/yamaha-centar.hr\/wp-content\/uploads\/2024\/11\/2025-Yamaha-XTZ700SPR-EU-Sky_Blue-Action-018-03.jpg\" data-attachment-id=\"7754\" data-type=\"image\" class=\"fg-thumb\"><span class=\"fg-image-wrap\"><img decoding=\"async\" width=\"120\" height=\"80\" class=\"skip-lazy fg-image\" data-src-fg=\"https:\/\/yamaha-centar.hr\/wp-content\/uploads\/cache\/2024\/11\/2025-Yamaha-XTZ700SPR-EU-Sky_Blue-Action-018-03\/3572153491.jpg\" src=\"data:image\/svg+xml,%3Csvg%20xmlns%3D%22http%3A%2F%2Fwww.w3.org%2F2000%2Fsvg%22%20width%3D%22120%22%20height%3D%2280%22%20viewBox%3D%220%200%20120%2080%22%3E%3C%2Fsvg%3E\" loading=\"eager\"><\/span><span class=\"fg-image-overlay\"><\/span><\/a><\/figure><div class=\"fg-loader\"><\/div><\/div><div class=\"fg-item fg-type-image fg-idle\"><figure class=\"fg-item-inner\"><a href=\"https:\/\/yamaha-centar.hr\/wp-content\/uploads\/2024\/11\/2025-Yamaha-XTZ700SPR-EU-Sky_Blue-Action-019-03.jpg\" data-attachment-id=\"7755\" data-type=\"image\" class=\"fg-thumb\"><span class=\"fg-image-wrap\"><img decoding=\"async\" width=\"120\" height=\"80\" class=\"skip-lazy fg-image\" data-src-fg=\"https:\/\/yamaha-centar.hr\/wp-content\/uploads\/cache\/2024\/11\/2025-Yamaha-XTZ700SPR-EU-Sky_Blue-Action-019-03\/3284914304.jpg\" src=\"data:image\/svg+xml,%3Csvg%20xmlns%3D%22http%3A%2F%2Fwww.w3.org%2F2000%2Fsvg%22%20width%3D%22120%22%20height%3D%2280%22%20viewBox%3D%220%200%20120%2080%22%3E%3C%2Fsvg%3E\" loading=\"eager\"><\/span><span class=\"fg-image-overlay\"><\/span><\/a><\/figure><div class=\"fg-loader\"><\/div><\/div><div class=\"fg-item fg-type-image fg-idle\"><figure class=\"fg-item-inner\"><a href=\"https:\/\/yamaha-centar.hr\/wp-content\/uploads\/2024\/11\/2025-Yamaha-XTZ700SPR-EU-Sky_Blue-Static-001-03.jpg\" data-attachment-id=\"7756\" data-type=\"image\" class=\"fg-thumb\"><span class=\"fg-image-wrap\"><img decoding=\"async\" width=\"120\" height=\"80\" class=\"skip-lazy fg-image\" data-src-fg=\"https:\/\/yamaha-centar.hr\/wp-content\/uploads\/cache\/2024\/11\/2025-Yamaha-XTZ700SPR-EU-Sky_Blue-Static-001-03\/1366416910.jpg\" src=\"data:image\/svg+xml,%3Csvg%20xmlns%3D%22http%3A%2F%2Fwww.w3.org%2F2000%2Fsvg%22%20width%3D%22120%22%20height%3D%2280%22%20viewBox%3D%220%200%20120%2080%22%3E%3C%2Fsvg%3E\" loading=\"eager\"><\/span><span class=\"fg-image-overlay\"><\/span><\/a><\/figure><div class=\"fg-loader\"><\/div><\/div><div class=\"fg-item fg-type-image fg-idle\"><figure class=\"fg-item-inner\"><a href=\"https:\/\/yamaha-centar.hr\/wp-content\/uploads\/2024\/11\/2025-Yamaha-XTZ700SPR-EU-Sky_Blue-Static-002-03.jpg\" data-attachment-id=\"7757\" data-type=\"image\" class=\"fg-thumb\"><span class=\"fg-image-wrap\"><img decoding=\"async\" width=\"120\" height=\"80\" class=\"skip-lazy fg-image\" data-src-fg=\"https:\/\/yamaha-centar.hr\/wp-content\/uploads\/cache\/2024\/11\/2025-Yamaha-XTZ700SPR-EU-Sky_Blue-Static-002-03\/507251676.jpg\" src=\"data:image\/svg+xml,%3Csvg%20xmlns%3D%22http%3A%2F%2Fwww.w3.org%2F2000%2Fsvg%22%20width%3D%22120%22%20height%3D%2280%22%20viewBox%3D%220%200%20120%2080%22%3E%3C%2Fsvg%3E\" loading=\"eager\"><\/span><span class=\"fg-image-overlay\"><\/span><\/a><\/figure><div class=\"fg-loader\"><\/div><\/div><div class=\"fg-item fg-type-image fg-idle\"><figure class=\"fg-item-inner\"><a href=\"https:\/\/yamaha-centar.hr\/wp-content\/uploads\/2024\/11\/2025-Yamaha-XTZ700SPR-EU-Sky_Blue-Static-003-03.jpg\" data-attachment-id=\"7758\" data-type=\"image\" class=\"fg-thumb\"><span class=\"fg-image-wrap\"><img decoding=\"async\" width=\"120\" height=\"80\" class=\"skip-lazy fg-image\" data-src-fg=\"https:\/\/yamaha-centar.hr\/wp-content\/uploads\/cache\/2024\/11\/2025-Yamaha-XTZ700SPR-EU-Sky_Blue-Static-003-03\/2426881083.jpg\" src=\"data:image\/svg+xml,%3Csvg%20xmlns%3D%22http%3A%2F%2Fwww.w3.org%2F2000%2Fsvg%22%20width%3D%22120%22%20height%3D%2280%22%20viewBox%3D%220%200%20120%2080%22%3E%3C%2Fsvg%3E\" loading=\"eager\"><\/span><span class=\"fg-image-overlay\"><\/span><\/a><\/figure><div class=\"fg-loader\"><\/div><\/div><div class=\"fg-item fg-type-image fg-idle\"><figure class=\"fg-item-inner\"><a href=\"https:\/\/yamaha-centar.hr\/wp-content\/uploads\/2024\/11\/2025-Yamaha-XTZ700SPR-EU-Sky_Blue-Static-004-03.jpg\" data-attachment-id=\"7759\" data-type=\"image\" class=\"fg-thumb\"><span class=\"fg-image-wrap\"><img decoding=\"async\" width=\"120\" height=\"80\" class=\"skip-lazy fg-image\" data-src-fg=\"https:\/\/yamaha-centar.hr\/wp-content\/uploads\/cache\/2024\/11\/2025-Yamaha-XTZ700SPR-EU-Sky_Blue-Static-004-03\/1865671275.jpg\" src=\"data:image\/svg+xml,%3Csvg%20xmlns%3D%22http%3A%2F%2Fwww.w3.org%2F2000%2Fsvg%22%20width%3D%22120%22%20height%3D%2280%22%20viewBox%3D%220%200%20120%2080%22%3E%3C%2Fsvg%3E\" loading=\"eager\"><\/span><span class=\"fg-image-overlay\"><\/span><\/a><\/figure><div class=\"fg-loader\"><\/div><\/div><div class=\"fg-item fg-type-image fg-idle\"><figure class=\"fg-item-inner\"><a href=\"https:\/\/yamaha-centar.hr\/wp-content\/uploads\/2024\/11\/2025-Yamaha-XTZ700SPR-EU-Sky_Blue-Static-005-03.jpg\" data-attachment-id=\"7760\" data-type=\"image\" class=\"fg-thumb\"><span class=\"fg-image-wrap\"><img decoding=\"async\" width=\"120\" height=\"80\" class=\"skip-lazy fg-image\" data-src-fg=\"https:\/\/yamaha-centar.hr\/wp-content\/uploads\/cache\/2024\/11\/2025-Yamaha-XTZ700SPR-EU-Sky_Blue-Static-005-03\/1523481282.jpg\" src=\"data:image\/svg+xml,%3Csvg%20xmlns%3D%22http%3A%2F%2Fwww.w3.org%2F2000%2Fsvg%22%20width%3D%22120%22%20height%3D%2280%22%20viewBox%3D%220%200%20120%2080%22%3E%3C%2Fsvg%3E\" loading=\"eager\"><\/span><span class=\"fg-image-overlay\"><\/span><\/a><\/figure><div class=\"fg-loader\"><\/div><\/div><div class=\"fg-item fg-type-image fg-idle\"><figure class=\"fg-item-inner\"><a href=\"https:\/\/yamaha-centar.hr\/wp-content\/uploads\/2024\/11\/2025-Yamaha-XTZ700SPR-EU-Sky_Blue-Static-006-03.jpg\" data-attachment-id=\"7761\" data-type=\"image\" class=\"fg-thumb\"><span class=\"fg-image-wrap\"><img decoding=\"async\" width=\"120\" height=\"80\" class=\"skip-lazy fg-image\" data-src-fg=\"https:\/\/yamaha-centar.hr\/wp-content\/uploads\/cache\/2024\/11\/2025-Yamaha-XTZ700SPR-EU-Sky_Blue-Static-006-03\/360951568.jpg\" src=\"data:image\/svg+xml,%3Csvg%20xmlns%3D%22http%3A%2F%2Fwww.w3.org%2F2000%2Fsvg%22%20width%3D%22120%22%20height%3D%2280%22%20viewBox%3D%220%200%20120%2080%22%3E%3C%2Fsvg%3E\" loading=\"eager\"><\/span><span class=\"fg-image-overlay\"><\/span><\/a><\/figure><div class=\"fg-loader\"><\/div><\/div><div class=\"fg-item fg-type-image fg-idle\"><figure class=\"fg-item-inner\"><a href=\"https:\/\/yamaha-centar.hr\/wp-content\/uploads\/2024\/11\/2025-Yamaha-XTZ700SPR-EU-Sky_Blue-Static-007-03.jpg\" data-attachment-id=\"7762\" data-type=\"image\" class=\"fg-thumb\"><span class=\"fg-image-wrap\"><img decoding=\"async\" width=\"120\" height=\"80\" class=\"skip-lazy fg-image\" data-src-fg=\"https:\/\/yamaha-centar.hr\/wp-content\/uploads\/cache\/2024\/11\/2025-Yamaha-XTZ700SPR-EU-Sky_Blue-Static-007-03\/1955373796.jpg\" src=\"data:image\/svg+xml,%3Csvg%20xmlns%3D%22http%3A%2F%2Fwww.w3.org%2F2000%2Fsvg%22%20width%3D%22120%22%20height%3D%2280%22%20viewBox%3D%220%200%20120%2080%22%3E%3C%2Fsvg%3E\" loading=\"eager\"><\/span><span class=\"fg-image-overlay\"><\/span><\/a><\/figure><div class=\"fg-loader\"><\/div><\/div><div class=\"fg-item fg-type-image fg-idle\"><figure class=\"fg-item-inner\"><a href=\"https:\/\/yamaha-centar.hr\/wp-content\/uploads\/2024\/11\/2025-Yamaha-XTZ700SPR-EU-Sky_Blue-Static-008-03.jpg\" data-attachment-id=\"7763\" data-type=\"image\" class=\"fg-thumb\"><span class=\"fg-image-wrap\"><img decoding=\"async\" width=\"120\" height=\"80\" class=\"skip-lazy fg-image\" data-src-fg=\"https:\/\/yamaha-centar.hr\/wp-content\/uploads\/cache\/2024\/11\/2025-Yamaha-XTZ700SPR-EU-Sky_Blue-Static-008-03\/836494833.jpg\" src=\"data:image\/svg+xml,%3Csvg%20xmlns%3D%22http%3A%2F%2Fwww.w3.org%2F2000%2Fsvg%22%20width%3D%22120%22%20height%3D%2280%22%20viewBox%3D%220%200%20120%2080%22%3E%3C%2Fsvg%3E\" loading=\"eager\"><\/span><span class=\"fg-image-overlay\"><\/span><\/a><\/figure><div class=\"fg-loader\"><\/div><\/div><div class=\"fg-item fg-type-image fg-idle\"><figure class=\"fg-item-inner\"><a href=\"https:\/\/yamaha-centar.hr\/wp-content\/uploads\/2024\/11\/2025-Yamaha-XTZ700SPR-EU-Sky_Blue-Static-009-03.jpg\" data-attachment-id=\"7764\" data-type=\"image\" class=\"fg-thumb\"><span class=\"fg-image-wrap\"><img decoding=\"async\" width=\"120\" height=\"80\" class=\"skip-lazy fg-image\" data-src-fg=\"https:\/\/yamaha-centar.hr\/wp-content\/uploads\/cache\/2024\/11\/2025-Yamaha-XTZ700SPR-EU-Sky_Blue-Static-009-03\/3163040715.jpg\" src=\"data:image\/svg+xml,%3Csvg%20xmlns%3D%22http%3A%2F%2Fwww.w3.org%2F2000%2Fsvg%22%20width%3D%22120%22%20height%3D%2280%22%20viewBox%3D%220%200%20120%2080%22%3E%3C%2Fsvg%3E\" loading=\"eager\"><\/span><span class=\"fg-image-overlay\"><\/span><\/a><\/figure><div class=\"fg-loader\"><\/div><\/div><div class=\"fg-item fg-type-image fg-idle\"><figure class=\"fg-item-inner\"><a href=\"https:\/\/yamaha-centar.hr\/wp-content\/uploads\/2024\/11\/2025-Yamaha-XTZ700SPR-EU-Sky_Blue-Static-010-03.jpg\" data-attachment-id=\"7765\" data-type=\"image\" class=\"fg-thumb\"><span class=\"fg-image-wrap\"><img decoding=\"async\" width=\"120\" height=\"80\" class=\"skip-lazy fg-image\" data-src-fg=\"https:\/\/yamaha-centar.hr\/wp-content\/uploads\/cache\/2024\/11\/2025-Yamaha-XTZ700SPR-EU-Sky_Blue-Static-010-03\/2328881906.jpg\" src=\"data:image\/svg+xml,%3Csvg%20xmlns%3D%22http%3A%2F%2Fwww.w3.org%2F2000%2Fsvg%22%20width%3D%22120%22%20height%3D%2280%22%20viewBox%3D%220%200%20120%2080%22%3E%3C%2Fsvg%3E\" loading=\"eager\"><\/span><span class=\"fg-image-overlay\"><\/span><\/a><\/figure><div class=\"fg-loader\"><\/div><\/div><div class=\"fg-item fg-type-image fg-idle\"><figure class=\"fg-item-inner\"><a href=\"https:\/\/yamaha-centar.hr\/wp-content\/uploads\/2024\/11\/2025-Yamaha-XTZ700SPR-EU-Sky_Blue-Static-011-03.jpg\" data-attachment-id=\"7766\" data-type=\"image\" class=\"fg-thumb\"><span class=\"fg-image-wrap\"><img decoding=\"async\" width=\"120\" height=\"80\" class=\"skip-lazy fg-image\" data-src-fg=\"https:\/\/yamaha-centar.hr\/wp-content\/uploads\/cache\/2024\/11\/2025-Yamaha-XTZ700SPR-EU-Sky_Blue-Static-011-03\/3955287814.jpg\" src=\"data:image\/svg+xml,%3Csvg%20xmlns%3D%22http%3A%2F%2Fwww.w3.org%2F2000%2Fsvg%22%20width%3D%22120%22%20height%3D%2280%22%20viewBox%3D%220%200%20120%2080%22%3E%3C%2Fsvg%3E\" loading=\"eager\"><\/span><span class=\"fg-image-overlay\"><\/span><\/a><\/figure><div class=\"fg-loader\"><\/div><\/div><div class=\"fg-item fg-type-image fg-idle\"><figure class=\"fg-item-inner\"><a href=\"https:\/\/yamaha-centar.hr\/wp-content\/uploads\/2024\/11\/2025-Yamaha-XTZ700SPR-EU-Sky_Blue-Static-012-03.jpg\" data-attachment-id=\"7767\" data-type=\"image\" class=\"fg-thumb\"><span class=\"fg-image-wrap\"><img decoding=\"async\" width=\"120\" height=\"80\" class=\"skip-lazy fg-image\" data-src-fg=\"https:\/\/yamaha-centar.hr\/wp-content\/uploads\/cache\/2024\/11\/2025-Yamaha-XTZ700SPR-EU-Sky_Blue-Static-012-03\/2760717012.jpg\" src=\"data:image\/svg+xml,%3Csvg%20xmlns%3D%22http%3A%2F%2Fwww.w3.org%2F2000%2Fsvg%22%20width%3D%22120%22%20height%3D%2280%22%20viewBox%3D%220%200%20120%2080%22%3E%3C%2Fsvg%3E\" loading=\"eager\"><\/span><span class=\"fg-image-overlay\"><\/span><\/a><\/figure><div class=\"fg-loader\"><\/div><\/div><div class=\"fg-item fg-type-image fg-idle\"><figure class=\"fg-item-inner\"><a href=\"https:\/\/yamaha-centar.hr\/wp-content\/uploads\/2024\/11\/2025-Yamaha-XTZ700SPR-EU-Sky_Blue-Static-013-03.jpg\" data-attachment-id=\"7768\" data-type=\"image\" class=\"fg-thumb\"><span class=\"fg-image-wrap\"><img decoding=\"async\" width=\"120\" height=\"80\" class=\"skip-lazy fg-image\" data-src-fg=\"https:\/\/yamaha-centar.hr\/wp-content\/uploads\/cache\/2024\/11\/2025-Yamaha-XTZ700SPR-EU-Sky_Blue-Static-013-03\/706116915.jpg\" src=\"data:image\/svg+xml,%3Csvg%20xmlns%3D%22http%3A%2F%2Fwww.w3.org%2F2000%2Fsvg%22%20width%3D%22120%22%20height%3D%2280%22%20viewBox%3D%220%200%20120%2080%22%3E%3C%2Fsvg%3E\" loading=\"eager\"><\/span><span class=\"fg-image-overlay\"><\/span><\/a><\/figure><div class=\"fg-loader\"><\/div><\/div><div class=\"fg-item fg-type-image fg-idle\"><figure class=\"fg-item-inner\"><a href=\"https:\/\/yamaha-centar.hr\/wp-content\/uploads\/2024\/11\/2025-Yamaha-XTZ700SPR-EU-Sky_Blue-Studio-002-03.jpg\" data-attachment-id=\"7769\" data-type=\"image\" class=\"fg-thumb\"><span class=\"fg-image-wrap\"><img decoding=\"async\" width=\"120\" height=\"80\" class=\"skip-lazy fg-image\" data-src-fg=\"https:\/\/yamaha-centar.hr\/wp-content\/uploads\/cache\/2024\/11\/2025-Yamaha-XTZ700SPR-EU-Sky_Blue-Studio-002-03\/3510494920.jpg\" src=\"data:image\/svg+xml,%3Csvg%20xmlns%3D%22http%3A%2F%2Fwww.w3.org%2F2000%2Fsvg%22%20width%3D%22120%22%20height%3D%2280%22%20viewBox%3D%220%200%20120%2080%22%3E%3C%2Fsvg%3E\" loading=\"eager\"><\/span><span class=\"fg-image-overlay\"><\/span><\/a><\/figure><div class=\"fg-loader\"><\/div><\/div><div class=\"fg-item fg-type-image fg-idle\"><figure class=\"fg-item-inner\"><a href=\"https:\/\/yamaha-centar.hr\/wp-content\/uploads\/2024\/11\/2025-Yamaha-XTZ700SPR-EU-Sky_Blue-Studio-004-03.jpg\" data-attachment-id=\"7770\" data-type=\"image\" class=\"fg-thumb\"><span class=\"fg-image-wrap\"><img decoding=\"async\" width=\"120\" height=\"80\" class=\"skip-lazy fg-image\" data-src-fg=\"https:\/\/yamaha-centar.hr\/wp-content\/uploads\/cache\/2024\/11\/2025-Yamaha-XTZ700SPR-EU-Sky_Blue-Studio-004-03\/4091753048.jpg\" src=\"data:image\/svg+xml,%3Csvg%20xmlns%3D%22http%3A%2F%2Fwww.w3.org%2F2000%2Fsvg%22%20width%3D%22120%22%20height%3D%2280%22%20viewBox%3D%220%200%20120%2080%22%3E%3C%2Fsvg%3E\" loading=\"eager\"><\/span><span class=\"fg-image-overlay\"><\/span><\/a><\/figure><div class=\"fg-loader\"><\/div><\/div><div class=\"fg-item fg-type-image fg-idle\"><figure class=\"fg-item-inner\"><a href=\"https:\/\/yamaha-centar.hr\/wp-content\/uploads\/2024\/11\/2025-Yamaha-XTZ700SPR-EU-Sky_Blue-Studio-006-03.jpg\" data-attachment-id=\"7771\" data-type=\"image\" class=\"fg-thumb\"><span class=\"fg-image-wrap\"><img decoding=\"async\" width=\"120\" height=\"80\" class=\"skip-lazy fg-image\" data-src-fg=\"https:\/\/yamaha-centar.hr\/wp-content\/uploads\/cache\/2024\/11\/2025-Yamaha-XTZ700SPR-EU-Sky_Blue-Studio-006-03\/2099263562.jpg\" src=\"data:image\/svg+xml,%3Csvg%20xmlns%3D%22http%3A%2F%2Fwww.w3.org%2F2000%2Fsvg%22%20width%3D%22120%22%20height%3D%2280%22%20viewBox%3D%220%200%20120%2080%22%3E%3C%2Fsvg%3E\" loading=\"eager\"><\/span><span class=\"fg-image-overlay\"><\/span><\/a><\/figure><div class=\"fg-loader\"><\/div><\/div><div class=\"fg-item fg-type-image fg-idle\"><figure class=\"fg-item-inner\"><a href=\"https:\/\/yamaha-centar.hr\/wp-content\/uploads\/2024\/11\/2025-Yamaha-XTZ700SPR-EU-Sky_Blue-Studio-007-03.jpg\" data-attachment-id=\"7772\" data-type=\"image\" class=\"fg-thumb\"><span class=\"fg-image-wrap\"><img decoding=\"async\" width=\"120\" height=\"80\" class=\"skip-lazy fg-image\" data-src-fg=\"https:\/\/yamaha-centar.hr\/wp-content\/uploads\/cache\/2024\/11\/2025-Yamaha-XTZ700SPR-EU-Sky_Blue-Studio-007-03\/472855998.jpg\" src=\"data:image\/svg+xml,%3Csvg%20xmlns%3D%22http%3A%2F%2Fwww.w3.org%2F2000%2Fsvg%22%20width%3D%22120%22%20height%3D%2280%22%20viewBox%3D%220%200%20120%2080%22%3E%3C%2Fsvg%3E\" loading=\"eager\"><\/span><span class=\"fg-image-overlay\"><\/span><\/a><\/figure><div class=\"fg-loader\"><\/div><\/div><div class=\"fg-item fg-type-image fg-idle\"><figure class=\"fg-item-inner\"><a href=\"https:\/\/yamaha-centar.hr\/wp-content\/uploads\/2024\/11\/2025-Yamaha-XTZ700SPR-EU-Sky_Blue-Studio-008-03.jpg\" data-attachment-id=\"7773\" data-type=\"image\" class=\"fg-thumb\"><span class=\"fg-image-wrap\"><img decoding=\"async\" width=\"120\" height=\"80\" class=\"skip-lazy fg-image\" data-src-fg=\"https:\/\/yamaha-centar.hr\/wp-content\/uploads\/cache\/2024\/11\/2025-Yamaha-XTZ700SPR-EU-Sky_Blue-Studio-008-03\/1501065899.jpg\" src=\"data:image\/svg+xml,%3Csvg%20xmlns%3D%22http%3A%2F%2Fwww.w3.org%2F2000%2Fsvg%22%20width%3D%22120%22%20height%3D%2280%22%20viewBox%3D%220%200%20120%2080%22%3E%3C%2Fsvg%3E\" loading=\"eager\"><\/span><span class=\"fg-image-overlay\"><\/span><\/a><\/figure><div class=\"fg-loader\"><\/div><\/div>\t<\/div>\n\t<div class=\"fg-carousel-bottom\"><\/div>\n\t<div class=\"fg-carousel-progress\"><\/div>\n\t<button type=\"button\" class=\"fg-carousel-next\"><\/button>\n<\/div><style type=\"text\/css\">#foogallery-gallery-7735 { margin-bottom: 45px; }\r\n\r\n<\/style>\n<h5>T\u00e9n\u00e9r\u00e9 700 Rally \/ 35kW<span id=\"cijena\">Cijena: 13.399 \u20ac<\/span><\/h5>\n<p>Kada vozite T\u00e9n\u00e9r\u00e9 700 Rally, vozite vrhunski pustolovni motocikl za terensku vo\u017enju. Uz model Rally koji pogoni nagra\u0111ivani Yamahin CP2 agregat u \u010dvrstom, no laganom \u010deli\u010dnom okviru oblikovanom za najte\u017ee terene, T\u00e9n\u00e9r\u00e9 700 dobiva novu razinu. S potpuno prilagodivim ovjesom marke KYB razvijenim za relije, razmakom od tla od 255 mm i specifikacijama osmi\u0161ljenima za vrhunsku kontrolu voza\u010da u najekstremnijim uvjetima, to je motocikl za sve koji \u017eele \u017eivjeti bez ograni\u010denja.<\/p>\n<p><strong>Ukupne informacije o cijenama<\/strong><\/p>\n<div class=\"flexTokens__FlexWrapper-sc-1jxq5qm-0 styled__FlexWrapperStyled-sc-14fxku5-1 dONFAe gWqFAv\">\n<p class=\"typography__RegularTextLevel2-sc-17h5z1x-5 kesVtB\">T\u00e9n\u00e9r\u00e9 700 Rally Sky Blue<\/p>\n<\/div>\n<div class=\"flexTokens__FlexWrapper-sc-1jxq5qm-0 styled__PricingInfoTableWrapper-sc-14fxku5-2 iiNylT bRrUro\">\n<table class=\"styled__TableWrapperStyled-sc-1t4q4f8-0 inbZVp styled__BaseTableStyled-sc-14fxku5-3 jpBwgs\" aria-label=\"table\" data-testid=\"PricingInfoTable\">\n<thead class=\"styled__TableHeadStyled-sc-1t4q4f8-6 cGjKHo\">\n<tr class=\"styled__TableRowStyled-sc-1t4q4f8-4 khEXeL\">\n<td class=\"styled__TableCellStyled-sc-1t4q4f8-1 hPNhQO\"><span class=\"styled__HeaderCellStyled-sc-14fxku5-7 gAAqQl\">Snaga verzija<\/span><\/td>\n<td class=\"styled__TableCellStyled-sc-1t4q4f8-1 hPNhQO\"><span class=\"styled__HeaderCellStyled-sc-14fxku5-7 gAAqQl\">Prijenos<\/span><\/td>\n<td class=\"styled__TableCellStyled-sc-1t4q4f8-1 hPNhQO\"><span class=\"styled__HeaderCellStyled-sc-14fxku5-7 gAAqQl\">Sn\u00ed\u017een\u00e1 verze<\/span><\/td>\n<td class=\"styled__TableCellStyled-sc-1t4q4f8-1 hPNhQO\"><span class=\"styled__HeaderCellStyled-sc-14fxku5-7 gAAqQl\">Cijena<\/span><\/td>\n<\/tr>\n<\/thead>\n<tbody class=\"styled__TableBodyStyled-sc-1t4q4f8-5 blTJZn\">\n<tr class=\"styled__TableRowStyled-sc-1t4q4f8-4 khEXeL\">\n<td class=\"styled__TableCellStyled-sc-1t4q4f8-1 hPNhQO\"><span class=\"styled__DefaultCellStyled-sc-14fxku5-9 mhgdn\">Puna snaga<\/span><\/td>\n<td class=\"styled__TableCellStyled-sc-1t4q4f8-1 hPNhQO\"><span class=\"styled__DefaultCellStyled-sc-14fxku5-9 mhgdn\">N\/A<\/span><\/td>\n<td class=\"styled__TableCellStyled-sc-1t4q4f8-1 hPNhQO\"><span class=\"styled__DefaultCellStyled-sc-14fxku5-9 mhgdn\">N\/A<\/span><\/td>\n<td class=\"styled__TableCellStyled-sc-1t4q4f8-1 hPNhQO\"><span class=\"styled__PriceStyled-sc-14fxku5-8 gILhBU\">13.399,00\u00a0\u20ac<\/span><\/td>\n<\/tr>\n<tr class=\"styled__TableRowStyled-sc-1t4q4f8-4 khEXeL\">\n<td class=\"styled__TableCellStyled-sc-1t4q4f8-1 dtagBs\" colspan=\"5\"><span class=\"typography__RegularTextLevel5-sc-17h5z1x-8 styled__RegularTextLevel5STyled-sc-14fxku5-4 cceavO fSTSwW\">Cijene uklju\u010duju 25% PDV-a i informativnog su karaktera. Zadr\u017eavamo pravo izmjene cijena bez prethodne najave.<\/span><\/td>\n<\/tr>\n<tr class=\"styled__TableRowStyled-sc-1t4q4f8-4 khEXeL\">\n<td class=\"styled__TableCellStyled-sc-1t4q4f8-1 hPNhQO\"><span class=\"styled__DefaultCellStyled-sc-14fxku5-9 mhgdn\">35 kW (A2 dozvola)<\/span><\/td>\n<td class=\"styled__TableCellStyled-sc-1t4q4f8-1 hPNhQO\"><span class=\"styled__DefaultCellStyled-sc-14fxku5-9 mhgdn\">N\/A<\/span><\/td>\n<td class=\"styled__TableCellStyled-sc-1t4q4f8-1 hPNhQO\"><span class=\"styled__DefaultCellStyled-sc-14fxku5-9 mhgdn\">N\/A<\/span><\/td>\n<td class=\"styled__TableCellStyled-sc-1t4q4f8-1 hPNhQO\"><span class=\"styled__PriceStyled-sc-14fxku5-8 gILhBU\">13.399,00\u00a0\u20ac<\/span><\/td>\n<\/tr>\n<tr class=\"styled__TableRowStyled-sc-1t4q4f8-4 khEXeL\">\n<td class=\"styled__TableCellStyled-sc-1t4q4f8-1 dtagBs\" colspan=\"5\"><span class=\"typography__RegularTextLevel5-sc-17h5z1x-8 styled__RegularTextLevel5STyled-sc-14fxku5-4 cceavO fSTSwW\">Cijene uklju\u010duju 25% PDV-a i informativnog su karaktera. Zadr\u017eavamo pravo izmjene cijena bez prethodne najave.<\/span><\/td>\n<\/tr>\n<\/tbody>\n<\/table>\n<\/div>\n<h5 id=\"specifikacije\">POGURAJTE SVOJE GRANICE<\/h5>\n<p>Opremljen tehnologijom po uzoru na motocikle za relije, uklju\u010duju\u0107i potpuno prilagodive prednje vilice dugog hoda marke KYB s oja\u010danim cijevima, aluminijskim \u0161titnikom za karter od 4 mm, laganim nazubljenim titanskim osloncima za noge i uskom karoserijom, T\u00e9n\u00e9r\u00e9 700 Rally ozbiljan je pustolovni motocikl. Ova verzija motocikla Rally odlikuje se jedinstvenom shemom boja nadahnutom naslije\u0111em s kota\u010dima zlatne boje i prepoznatljivim Yamahinim speed block grafi\u010dkim dizajnom, nadopunjenim visokim prednjim blatobranom, za\u0161titnim znakom pustinjskih trka\u0107ih modela.<\/p>\n<p>S dominantnom visinom sjedi\u0161ta od 910 mm, novo sjedalo modela T\u00e9n\u00e9r\u00e9 700 Rally, redizajnirani spremnik goriva i izmijenjeni pokrov spojke pru\u017eaju ve\u0107u prilagodljivost pri terenskoj vo\u017enji. Kokpit ima novu TFT instrumentnu plo\u010du dijagonale 6,3 in\u010da s jedinstvenim \u201eRaid\u201d rasporedom koji prikazuje samo najrelevantnije informacije koju su vam potrebne na najzahtjevnijim terenima. Prikazuje se u stilu cestovne karte za reli i jedan je od tri rasporeda instrumentne plo\u010de te samo jedan od na\u010dina na koji mo\u017eete personalizirati iskustvo vo\u017enje i prilagoditi ga uvjetima.<\/p>\n<h5 id=\"specifikacije\">ZNA\u010cAJKE<\/h5>\n<ul>\n<li>Potpuno prilagodive prednje vilice dugog hoda od 43 mm marke KYB<\/li>\n<li>Stra\u017enji amortizer s pove\u0107anim hodom i punom podesivo\u0161\u0107u<\/li>\n<li>Ekskluzivne boje nadahnute relijem Pariz \u2013 Dakar iz 80-ih<\/li>\n<li>Prednji bokobran visoke razine za reli<\/li>\n<li>Posebno jedno komadno sjedalo za reli<\/li>\n<li>Ergonomija za terensku vo\u017enju<\/li>\n<li>\u010cvrst \u010deli\u010dni okvir za suo\u010davanje sekstremnim uvjetima<\/li>\n<li>Lagani titanski oslonci za noge i izdr\u017eljiva za\u0161titna aluminijska plo\u010da od 4 mm<\/li>\n<li>Najnoviji \u010detverotaktni CP2 motor za pogon EU5+ od 690ccm<\/li>\n<li>YCC-T elektroni\u010dki gas i na\u010dini vo\u017enje<\/li>\n<li>Abs i TCS mogu se isklju\u010diti pritiskom tipke<\/li>\n<\/ul>\n<h5><span style=\"color: #000000;\"><a style=\"color: #000000;\" href=\"https:\/\/yamaha-centar.hr\/wp-content\/uploads\/2024\/11\/2025-XTZ700SPR_hr-HR.pdf\" target=\"_blank\" rel=\"noopener\">ZNA\u010cAJKE DETALJNO (PDF)<img loading=\"lazy\" decoding=\"async\" class=\"size-full wp-image-953 alignnone\" src=\"https:\/\/yamaha-centar.hr\/wp-content\/uploads\/2023\/12\/d-icon.png\" alt=\"\" width=\"20\" height=\"18\" \/><\/a><\/span><\/h5>\n<h5 id=\"specifikacije\">SPECIFIKACIJE<\/h5>\n<div class=\"responsive-tabs\">\n<h2 class=\"tabtitle\">Agregat<\/h2>\n<div class=\"tabcontent\">\n\n<p id=\"tabby\">Tip agregata: 4-takta, 2 &#8211; cilindara, Hla\u0111enje teku\u0107inom, DOHC, 4-ventila<br \/>\nZapremina: 689 ccm<br \/>\nProvrt x hod: 80,0 mm x 68,6 mm<br \/>\nOmjer kompresije: 11,5 : 1<br \/>\nMaksimalna snaga: 54,0 kW (73,4 KS) @ 9.000 o\/min<br \/>\nVerzija sa smanjenom snagom: 35,0 kW (47,6 KS) @ 8.000 o\/min<br \/>\nMaksimalan okretni moment: 68,0 Nm @ 6.500 o\/min<br \/>\nSustav podmazivanja: Mokri karter<br \/>\nTip kva\u010dila: Mokro, Vi\u0161estruki diskovi<br \/>\nSustav paljenja: TCI<br \/>\nSustav pokretanja: Elektri\u010dno<br \/>\nSustav prijenosa: Stalan otvor, 6-brzinski<br \/>\nZavr\u0161ni prijenos: Lanac<br \/>\nFuel consumption: 4,3 l \/ 100 km<br \/>\nCO2 emission: N\/A<br \/>\nRasplinja\u010d: Elektroni\u010dno ubrizgavanje goriva<\/p>\n\n<\/div><h2 class=\"tabtitle\">\u0160asija<\/h2>\n<div class=\"tabcontent\">\n\n<p id=\"tabby\">Okvir: dvostruke grede, \u010celi\u010dne cijevi<br \/>\nKut prednje vilice: 27\u00ba<br \/>\nPredtrag: 105 mm<br \/>\nSustav ovjesa sprijeda: Preokrenuta teleskopska vilica, \u00d8 43 mm<br \/>\nSustav ovjesa straga: link ovjes, Njihaju\u010da ruka<br \/>\nHod ovjesa sprijeda: 230 mm<br \/>\nHod ovjesa straga: 220 mm<br \/>\nPrednja ko\u010dnica: Hidrauli\u010dni dvostruki disk, \u00d8 282 mm<br \/>\nStra\u017enja ko\u010dnica: Hidrauli\u010dni jednostruki disk, \u00d8 245 mm<br \/>\nPrednja guma: 90\/90-21 M\/C 54V<br \/>\nStra\u017enja guma: 150\/70 R 18 M\/C 70V<\/p>\n\n<\/div><h2 class=\"tabtitle\">Dimenzije<\/h2>\n<div class=\"tabcontent\">\n\n<p id=\"tabby\">Ukupna du\u017eina: 2.370 mm<br \/>\nUkupna \u0161irina: 935 mm<br \/>\nUkupna visina: 1.490 mm<br \/>\nVisina sjedala: 910 mm<br \/>\nMe\u0111uosovinski razmak: 1.595 mm<br \/>\nMinimalna udaljenost od tla: 255 mm<br \/>\nTe\u017eina (s punim spremnikom ulja i goriva): 210 kg<br \/>\nKapacitet spremnika goriva: 16,0 l<br \/>\nKapacitet spremnika za ulje: 3 l<\/p>\n\n<\/div><h2 class=\"tabtitle\">Screen &amp; Connectivity<\/h2>\n<div class=\"tabcontent\">\n\n<p id=\"tabby\">Screen type: TFT<br \/>\nScreen size: 6.3 in\u010da<br \/>\nSmartphone Connectivity: MyRide<br \/>\nAdaptive Cruise Control: Ne<br \/>\nOn-screen Navigation: MyRide turn-by-turn<\/p>\n<\/div><\/div>\n<p><iframe loading=\"lazy\" title=\"2025 Yamaha T\u00e9n\u00e9r\u00e9 700 Rally: Push your limits\" src=\"https:\/\/www.youtube.com\/embed\/-IizQq31g6c\" width=\"809\" height=\"445\" frameborder=\"0\" allowfullscreen=\"allowfullscreen\"><\/iframe><\/p>\n","protected":false},"excerpt":{"rendered":"<p>T\u00e9n\u00e9r\u00e9 700 Rally \/ 35kWCijena: 13.399 \u20ac Kada vozite T\u00e9n\u00e9r\u00e9 700 Rally, vozite vrhunski pustolovni motocikl za terensku vo\u017enju. Uz model Rally koji pogoni nagra\u0111ivani Yamahin CP2 agregat u \u010dvrstom, no laganom \u010deli\u010dnom okviru oblikovanom za najte\u017ee terene, T\u00e9n\u00e9r\u00e9 700 dobiva novu razinu. S potpuno prilagodivim ovjesom marke KYB razvijenim za relije, razmakom od tla [&hellip;]<\/p>\n","protected":false},"author":1,"featured_media":7736,"comment_status":"closed","ping_status":"open","sticky":false,"template":"","format":"standard","meta":{"_bbp_topic_count":0,"_bbp_reply_count":0,"_bbp_total_topic_count":0,"_bbp_total_reply_count":0,"_bbp_voice_count":0,"_bbp_anonymous_reply_count":0,"_bbp_topic_count_hidden":0,"_bbp_reply_count_hidden":0,"_bbp_forum_subforum_count":0,"footnotes":""},"categories":[34,322],"tags":[208,203,343,394,200],"class_list":["post-7733","post","type-post","status-publish","format-standard","has-post-thumbnail","hentry","category-adventure","category-motocikli-2025","tag-adventure","tag-motocikli","tag-motori","tag-tenere-700-rally","tag-yamaha"],"yoast_head":"<!-- This site is optimized with the Yoast SEO plugin v23.0 - https:\/\/yoast.com\/wordpress\/plugins\/seo\/ -->\n<title>T\u00e9n\u00e9r\u00e9 700 Rally 2025 - Yamaha centar Zagreb<\/title>\n<meta name=\"robots\" content=\"index, follow, max-snippet:-1, max-image-preview:large, max-video-preview:-1\" \/>\n<link rel=\"canonical\" href=\"https:\/\/yamaha-centar.hr\/?p=7733\" \/>\n<meta property=\"og:locale\" content=\"hr_HR\" \/>\n<meta property=\"og:type\" content=\"article\" \/>\n<meta property=\"og:title\" content=\"T\u00e9n\u00e9r\u00e9 700 Rally 2025 - Yamaha centar Zagreb\" \/>\n<meta property=\"og:description\" content=\"T\u00e9n\u00e9r\u00e9 700 Rally \/ 35kWCijena: 13.399 \u20ac Kada vozite T\u00e9n\u00e9r\u00e9 700 Rally, vozite vrhunski pustolovni motocikl za terensku vo\u017enju. Uz model Rally koji pogoni nagra\u0111ivani Yamahin CP2 agregat u \u010dvrstom, no laganom \u010deli\u010dnom okviru oblikovanom za najte\u017ee terene, T\u00e9n\u00e9r\u00e9 700 dobiva novu razinu. S potpuno prilagodivim ovjesom marke KYB razvijenim za relije, razmakom od tla [&hellip;]\" \/>\n<meta property=\"og:url\" content=\"https:\/\/yamaha-centar.hr\/?p=7733\" \/>\n<meta property=\"og:site_name\" content=\"Yamaha centar Zagreb\" \/>\n<meta property=\"article:published_time\" content=\"2024-11-06T19:47:36+00:00\" \/>\n<meta property=\"article:modified_time\" content=\"2025-01-23T18:33:39+00:00\" \/>\n<meta property=\"og:image\" content=\"https:\/\/yamaha-centar.hr\/wp-content\/uploads\/2024\/11\/2025-Yamaha-XTZ700SPR-EU-Sky_Blue-360-Degrees-001-03.jpg\" \/>\n\t<meta property=\"og:image:width\" content=\"2000\" \/>\n\t<meta property=\"og:image:height\" content=\"1125\" \/>\n\t<meta property=\"og:image:type\" content=\"image\/jpeg\" \/>\n<meta name=\"author\" content=\"yamaha\" \/>\n<meta name=\"twitter:card\" content=\"summary_large_image\" \/>\n<meta name=\"twitter:label1\" content=\"Napisao\/la\" \/>\n\t<meta name=\"twitter:data1\" content=\"yamaha\" \/>\n\t<meta name=\"twitter:label2\" content=\"Procijenjeno vrijeme \u010ditanja\" \/>\n\t<meta name=\"twitter:data2\" content=\"4 minute\" \/>\n<script type=\"application\/ld+json\" class=\"yoast-schema-graph\">{\"@context\":\"https:\/\/schema.org\",\"@graph\":[{\"@type\":\"Article\",\"@id\":\"https:\/\/yamaha-centar.hr\/?p=7733#article\",\"isPartOf\":{\"@id\":\"https:\/\/yamaha-centar.hr\/?p=7733\"},\"author\":{\"name\":\"yamaha\",\"@id\":\"https:\/\/yamaha-centar.hr\/#\/schema\/person\/1ef833a7ec3fed1b67987f2e91f66f13\"},\"headline\":\"T\u00e9n\u00e9r\u00e9 700 Rally 2025\",\"datePublished\":\"2024-11-06T19:47:36+00:00\",\"dateModified\":\"2025-01-23T18:33:39+00:00\",\"mainEntityOfPage\":{\"@id\":\"https:\/\/yamaha-centar.hr\/?p=7733\"},\"wordCount\":650,\"publisher\":{\"@id\":\"https:\/\/yamaha-centar.hr\/#organization\"},\"image\":{\"@id\":\"https:\/\/yamaha-centar.hr\/?p=7733#primaryimage\"},\"thumbnailUrl\":\"https:\/\/yamaha-centar.hr\/wp-content\/uploads\/2024\/11\/2025-Yamaha-XTZ700SPR-EU-Sky_Blue-360-Degrees-001-03.jpg\",\"keywords\":[\"adventure\",\"motocikli\",\"motori\",\"tenere 700 rally\",\"yamaha\"],\"articleSection\":[\"Adventure\",\"Motocikli 2025\"],\"inLanguage\":\"hr\"},{\"@type\":\"WebPage\",\"@id\":\"https:\/\/yamaha-centar.hr\/?p=7733\",\"url\":\"https:\/\/yamaha-centar.hr\/?p=7733\",\"name\":\"T\u00e9n\u00e9r\u00e9 700 Rally 2025 - Yamaha centar Zagreb\",\"isPartOf\":{\"@id\":\"https:\/\/yamaha-centar.hr\/#website\"},\"primaryImageOfPage\":{\"@id\":\"https:\/\/yamaha-centar.hr\/?p=7733#primaryimage\"},\"image\":{\"@id\":\"https:\/\/yamaha-centar.hr\/?p=7733#primaryimage\"},\"thumbnailUrl\":\"https:\/\/yamaha-centar.hr\/wp-content\/uploads\/2024\/11\/2025-Yamaha-XTZ700SPR-EU-Sky_Blue-360-Degrees-001-03.jpg\",\"datePublished\":\"2024-11-06T19:47:36+00:00\",\"dateModified\":\"2025-01-23T18:33:39+00:00\",\"breadcrumb\":{\"@id\":\"https:\/\/yamaha-centar.hr\/?p=7733#breadcrumb\"},\"inLanguage\":\"hr\",\"potentialAction\":[{\"@type\":\"ReadAction\",\"target\":[\"https:\/\/yamaha-centar.hr\/?p=7733\"]}]},{\"@type\":\"ImageObject\",\"inLanguage\":\"hr\",\"@id\":\"https:\/\/yamaha-centar.hr\/?p=7733#primaryimage\",\"url\":\"https:\/\/yamaha-centar.hr\/wp-content\/uploads\/2024\/11\/2025-Yamaha-XTZ700SPR-EU-Sky_Blue-360-Degrees-001-03.jpg\",\"contentUrl\":\"https:\/\/yamaha-centar.hr\/wp-content\/uploads\/2024\/11\/2025-Yamaha-XTZ700SPR-EU-Sky_Blue-360-Degrees-001-03.jpg\",\"width\":2000,\"height\":1125},{\"@type\":\"BreadcrumbList\",\"@id\":\"https:\/\/yamaha-centar.hr\/?p=7733#breadcrumb\",\"itemListElement\":[{\"@type\":\"ListItem\",\"position\":1,\"name\":\"Naslovna\",\"item\":\"https:\/\/yamaha-centar.hr\/\"},{\"@type\":\"ListItem\",\"position\":2,\"name\":\"T\u00e9n\u00e9r\u00e9 700 Rally 2025\"}]},{\"@type\":\"WebSite\",\"@id\":\"https:\/\/yamaha-centar.hr\/#website\",\"url\":\"https:\/\/yamaha-centar.hr\/\",\"name\":\"Yamaha centar Zagreb\",\"description\":\"yamaha \/ motocikli \/ motori \/ skuteri \/ e-bicikli\",\"publisher\":{\"@id\":\"https:\/\/yamaha-centar.hr\/#organization\"},\"potentialAction\":[{\"@type\":\"SearchAction\",\"target\":{\"@type\":\"EntryPoint\",\"urlTemplate\":\"https:\/\/yamaha-centar.hr\/?s={search_term_string}\"},\"query-input\":\"required name=search_term_string\"}],\"inLanguage\":\"hr\"},{\"@type\":\"Organization\",\"@id\":\"https:\/\/yamaha-centar.hr\/#organization\",\"name\":\"Yamaha centar Zagreb\",\"url\":\"https:\/\/yamaha-centar.hr\/\",\"logo\":{\"@type\":\"ImageObject\",\"inLanguage\":\"hr\",\"@id\":\"https:\/\/yamaha-centar.hr\/#\/schema\/logo\/image\/\",\"url\":\"https:\/\/yamaha-centar.hr\/wp-content\/uploads\/2025\/02\/logo-nova-yamaha.jpg\",\"contentUrl\":\"https:\/\/yamaha-centar.hr\/wp-content\/uploads\/2025\/02\/logo-nova-yamaha.jpg\",\"width\":70,\"height\":70,\"caption\":\"Yamaha centar Zagreb\"},\"image\":{\"@id\":\"https:\/\/yamaha-centar.hr\/#\/schema\/logo\/image\/\"}},{\"@type\":\"Person\",\"@id\":\"https:\/\/yamaha-centar.hr\/#\/schema\/person\/1ef833a7ec3fed1b67987f2e91f66f13\",\"name\":\"yamaha\",\"image\":{\"@type\":\"ImageObject\",\"inLanguage\":\"hr\",\"@id\":\"https:\/\/yamaha-centar.hr\/#\/schema\/person\/image\/\",\"url\":\"https:\/\/secure.gravatar.com\/avatar\/15cf6ba994fae63801a90e29ac549544022c6e96ded59b4040f73ef057db0ef4?s=96&d=mm&r=g\",\"contentUrl\":\"https:\/\/secure.gravatar.com\/avatar\/15cf6ba994fae63801a90e29ac549544022c6e96ded59b4040f73ef057db0ef4?s=96&d=mm&r=g\",\"caption\":\"yamaha\"},\"sameAs\":[\"https:\/\/yamaha-centar.hr\"],\"url\":\"https:\/\/yamaha-centar.hr\/?author=1\"}]}<\/script>\n<!-- \/ Yoast SEO plugin. -->","yoast_head_json":{"title":"T\u00e9n\u00e9r\u00e9 700 Rally 2025 - Yamaha centar Zagreb","robots":{"index":"index","follow":"follow","max-snippet":"max-snippet:-1","max-image-preview":"max-image-preview:large","max-video-preview":"max-video-preview:-1"},"canonical":"https:\/\/yamaha-centar.hr\/?p=7733","og_locale":"hr_HR","og_type":"article","og_title":"T\u00e9n\u00e9r\u00e9 700 Rally 2025 - Yamaha centar Zagreb","og_description":"T\u00e9n\u00e9r\u00e9 700 Rally \/ 35kWCijena: 13.399 \u20ac Kada vozite T\u00e9n\u00e9r\u00e9 700 Rally, vozite vrhunski pustolovni motocikl za terensku vo\u017enju. Uz model Rally koji pogoni nagra\u0111ivani Yamahin CP2 agregat u \u010dvrstom, no laganom \u010deli\u010dnom okviru oblikovanom za najte\u017ee terene, T\u00e9n\u00e9r\u00e9 700 dobiva novu razinu. S potpuno prilagodivim ovjesom marke KYB razvijenim za relije, razmakom od tla [&hellip;]","og_url":"https:\/\/yamaha-centar.hr\/?p=7733","og_site_name":"Yamaha centar Zagreb","article_published_time":"2024-11-06T19:47:36+00:00","article_modified_time":"2025-01-23T18:33:39+00:00","og_image":[{"width":2000,"height":1125,"url":"https:\/\/yamaha-centar.hr\/wp-content\/uploads\/2024\/11\/2025-Yamaha-XTZ700SPR-EU-Sky_Blue-360-Degrees-001-03.jpg","type":"image\/jpeg"}],"author":"yamaha","twitter_card":"summary_large_image","twitter_misc":{"Napisao\/la":"yamaha","Procijenjeno vrijeme \u010ditanja":"4 minute"},"schema":{"@context":"https:\/\/schema.org","@graph":[{"@type":"Article","@id":"https:\/\/yamaha-centar.hr\/?p=7733#article","isPartOf":{"@id":"https:\/\/yamaha-centar.hr\/?p=7733"},"author":{"name":"yamaha","@id":"https:\/\/yamaha-centar.hr\/#\/schema\/person\/1ef833a7ec3fed1b67987f2e91f66f13"},"headline":"T\u00e9n\u00e9r\u00e9 700 Rally 2025","datePublished":"2024-11-06T19:47:36+00:00","dateModified":"2025-01-23T18:33:39+00:00","mainEntityOfPage":{"@id":"https:\/\/yamaha-centar.hr\/?p=7733"},"wordCount":650,"publisher":{"@id":"https:\/\/yamaha-centar.hr\/#organization"},"image":{"@id":"https:\/\/yamaha-centar.hr\/?p=7733#primaryimage"},"thumbnailUrl":"https:\/\/yamaha-centar.hr\/wp-content\/uploads\/2024\/11\/2025-Yamaha-XTZ700SPR-EU-Sky_Blue-360-Degrees-001-03.jpg","keywords":["adventure","motocikli","motori","tenere 700 rally","yamaha"],"articleSection":["Adventure","Motocikli 2025"],"inLanguage":"hr"},{"@type":"WebPage","@id":"https:\/\/yamaha-centar.hr\/?p=7733","url":"https:\/\/yamaha-centar.hr\/?p=7733","name":"T\u00e9n\u00e9r\u00e9 700 Rally 2025 - Yamaha centar Zagreb","isPartOf":{"@id":"https:\/\/yamaha-centar.hr\/#website"},"primaryImageOfPage":{"@id":"https:\/\/yamaha-centar.hr\/?p=7733#primaryimage"},"image":{"@id":"https:\/\/yamaha-centar.hr\/?p=7733#primaryimage"},"thumbnailUrl":"https:\/\/yamaha-centar.hr\/wp-content\/uploads\/2024\/11\/2025-Yamaha-XTZ700SPR-EU-Sky_Blue-360-Degrees-001-03.jpg","datePublished":"2024-11-06T19:47:36+00:00","dateModified":"2025-01-23T18:33:39+00:00","breadcrumb":{"@id":"https:\/\/yamaha-centar.hr\/?p=7733#breadcrumb"},"inLanguage":"hr","potentialAction":[{"@type":"ReadAction","target":["https:\/\/yamaha-centar.hr\/?p=7733"]}]},{"@type":"ImageObject","inLanguage":"hr","@id":"https:\/\/yamaha-centar.hr\/?p=7733#primaryimage","url":"https:\/\/yamaha-centar.hr\/wp-content\/uploads\/2024\/11\/2025-Yamaha-XTZ700SPR-EU-Sky_Blue-360-Degrees-001-03.jpg","contentUrl":"https:\/\/yamaha-centar.hr\/wp-content\/uploads\/2024\/11\/2025-Yamaha-XTZ700SPR-EU-Sky_Blue-360-Degrees-001-03.jpg","width":2000,"height":1125},{"@type":"BreadcrumbList","@id":"https:\/\/yamaha-centar.hr\/?p=7733#breadcrumb","itemListElement":[{"@type":"ListItem","position":1,"name":"Naslovna","item":"https:\/\/yamaha-centar.hr\/"},{"@type":"ListItem","position":2,"name":"T\u00e9n\u00e9r\u00e9 700 Rally 2025"}]},{"@type":"WebSite","@id":"https:\/\/yamaha-centar.hr\/#website","url":"https:\/\/yamaha-centar.hr\/","name":"Yamaha centar Zagreb","description":"yamaha \/ motocikli \/ motori \/ skuteri \/ e-bicikli","publisher":{"@id":"https:\/\/yamaha-centar.hr\/#organization"},"potentialAction":[{"@type":"SearchAction","target":{"@type":"EntryPoint","urlTemplate":"https:\/\/yamaha-centar.hr\/?s={search_term_string}"},"query-input":"required name=search_term_string"}],"inLanguage":"hr"},{"@type":"Organization","@id":"https:\/\/yamaha-centar.hr\/#organization","name":"Yamaha centar Zagreb","url":"https:\/\/yamaha-centar.hr\/","logo":{"@type":"ImageObject","inLanguage":"hr","@id":"https:\/\/yamaha-centar.hr\/#\/schema\/logo\/image\/","url":"https:\/\/yamaha-centar.hr\/wp-content\/uploads\/2025\/02\/logo-nova-yamaha.jpg","contentUrl":"https:\/\/yamaha-centar.hr\/wp-content\/uploads\/2025\/02\/logo-nova-yamaha.jpg","width":70,"height":70,"caption":"Yamaha centar Zagreb"},"image":{"@id":"https:\/\/yamaha-centar.hr\/#\/schema\/logo\/image\/"}},{"@type":"Person","@id":"https:\/\/yamaha-centar.hr\/#\/schema\/person\/1ef833a7ec3fed1b67987f2e91f66f13","name":"yamaha","image":{"@type":"ImageObject","inLanguage":"hr","@id":"https:\/\/yamaha-centar.hr\/#\/schema\/person\/image\/","url":"https:\/\/secure.gravatar.com\/avatar\/15cf6ba994fae63801a90e29ac549544022c6e96ded59b4040f73ef057db0ef4?s=96&d=mm&r=g","contentUrl":"https:\/\/secure.gravatar.com\/avatar\/15cf6ba994fae63801a90e29ac549544022c6e96ded59b4040f73ef057db0ef4?s=96&d=mm&r=g","caption":"yamaha"},"sameAs":["https:\/\/yamaha-centar.hr"],"url":"https:\/\/yamaha-centar.hr\/?author=1"}]}},"rttpg_featured_image_url":{"full":["https:\/\/yamaha-centar.hr\/wp-content\/uploads\/2024\/11\/2025-Yamaha-XTZ700SPR-EU-Sky_Blue-360-Degrees-001-03.jpg",2000,1125,false],"landscape":["https:\/\/yamaha-centar.hr\/wp-content\/uploads\/2024\/11\/2025-Yamaha-XTZ700SPR-EU-Sky_Blue-360-Degrees-001-03.jpg",2000,1125,false],"portraits":["https:\/\/yamaha-centar.hr\/wp-content\/uploads\/2024\/11\/2025-Yamaha-XTZ700SPR-EU-Sky_Blue-360-Degrees-001-03.jpg",2000,1125,false],"thumbnail":["https:\/\/yamaha-centar.hr\/wp-content\/uploads\/2024\/11\/2025-Yamaha-XTZ700SPR-EU-Sky_Blue-360-Degrees-001-03-150x150.jpg",150,150,true],"medium":["https:\/\/yamaha-centar.hr\/wp-content\/uploads\/2024\/11\/2025-Yamaha-XTZ700SPR-EU-Sky_Blue-360-Degrees-001-03-300x169.jpg",300,169,true],"large":["https:\/\/yamaha-centar.hr\/wp-content\/uploads\/2024\/11\/2025-Yamaha-XTZ700SPR-EU-Sky_Blue-360-Degrees-001-03-1024x576.jpg",1024,576,true],"1536x1536":["https:\/\/yamaha-centar.hr\/wp-content\/uploads\/2024\/11\/2025-Yamaha-XTZ700SPR-EU-Sky_Blue-360-Degrees-001-03-1536x864.jpg",1536,864,true],"2048x2048":["https:\/\/yamaha-centar.hr\/wp-content\/uploads\/2024\/11\/2025-Yamaha-XTZ700SPR-EU-Sky_Blue-360-Degrees-001-03.jpg",2000,1125,false],"sow-carousel-default":["https:\/\/yamaha-centar.hr\/wp-content\/uploads\/2024\/11\/2025-Yamaha-XTZ700SPR-EU-Sky_Blue-360-Degrees-001-03-272x182.jpg",272,182,true],"sow-recent-post":["https:\/\/yamaha-centar.hr\/wp-content\/uploads\/2024\/11\/2025-Yamaha-XTZ700SPR-EU-Sky_Blue-360-Degrees-001-03-216x216.jpg",216,216,true],"rt_custom":["https:\/\/yamaha-centar.hr\/wp-content\/uploads\/2024\/11\/2025-Yamaha-XTZ700SPR-EU-Sky_Blue-360-Degrees-001-03.jpg",2000,1125,false]},"rttpg_author":{"display_name":"yamaha","author_link":"https:\/\/yamaha-centar.hr\/?author=1"},"rttpg_comment":0,"rttpg_category":"<a href=\"https:\/\/yamaha-centar.hr\/?cat=34\" rel=\"category\">Adventure<\/a> <a href=\"https:\/\/yamaha-centar.hr\/?cat=322\" rel=\"category\">Motocikli 2025<\/a>","rttpg_excerpt":"T\u00e9n\u00e9r\u00e9 700 Rally \/ 35kWCijena: 13.399 \u20ac Kada vozite T\u00e9n\u00e9r\u00e9 700 Rally, vozite vrhunski pustolovni motocikl za terensku vo\u017enju. Uz model Rally koji pogoni nagra\u0111ivani Yamahin CP2 agregat u \u010dvrstom, no laganom \u010deli\u010dnom okviru oblikovanom za najte\u017ee terene, T\u00e9n\u00e9r\u00e9 700 dobiva novu razinu. S potpuno prilagodivim ovjesom marke KYB razvijenim za relije, razmakom od tla&hellip;","_links":{"self":[{"href":"https:\/\/yamaha-centar.hr\/index.php?rest_route=\/wp\/v2\/posts\/7733","targetHints":{"allow":["GET"]}}],"collection":[{"href":"https:\/\/yamaha-centar.hr\/index.php?rest_route=\/wp\/v2\/posts"}],"about":[{"href":"https:\/\/yamaha-centar.hr\/index.php?rest_route=\/wp\/v2\/types\/post"}],"author":[{"embeddable":true,"href":"https:\/\/yamaha-centar.hr\/index.php?rest_route=\/wp\/v2\/users\/1"}],"replies":[{"embeddable":true,"href":"https:\/\/yamaha-centar.hr\/index.php?rest_route=%2Fwp%2Fv2%2Fcomments&post=7733"}],"version-history":[{"count":2,"href":"https:\/\/yamaha-centar.hr\/index.php?rest_route=\/wp\/v2\/posts\/7733\/revisions"}],"predecessor-version":[{"id":8402,"href":"https:\/\/yamaha-centar.hr\/index.php?rest_route=\/wp\/v2\/posts\/7733\/revisions\/8402"}],"wp:featuredmedia":[{"embeddable":true,"href":"https:\/\/yamaha-centar.hr\/index.php?rest_route=\/wp\/v2\/media\/7736"}],"wp:attachment":[{"href":"https:\/\/yamaha-centar.hr\/index.php?rest_route=%2Fwp%2Fv2%2Fmedia&parent=7733"}],"wp:term":[{"taxonomy":"category","embeddable":true,"href":"https:\/\/yamaha-centar.hr\/index.php?rest_route=%2Fwp%2Fv2%2Fcategories&post=7733"},{"taxonomy":"post_tag","embeddable":true,"href":"https:\/\/yamaha-centar.hr\/index.php?rest_route=%2Fwp%2Fv2%2Ftags&post=7733"}],"curies":[{"name":"wp","href":"https:\/\/api.w.org\/{rel}","templated":true}]}}