{"id":7699,"date":"2024-11-06T11:34:18","date_gmt":"2024-11-06T10:34:18","guid":{"rendered":"https:\/\/yamaha-centar.hr\/?p=7699"},"modified":"2025-11-08T15:54:29","modified_gmt":"2025-11-08T14:54:29","slug":"tenere-700-2025","status":"publish","type":"post","link":"https:\/\/yamaha-centar.hr\/?p=7699","title":{"rendered":"T\u00e9n\u00e9r\u00e9 700 2025"},"content":{"rendered":"<style type=\"text\/css\">\n#foogallery-gallery-7697 .fg-image { width: 120px; }<\/style>\n\t\t\t<div class=\"foogallery foogallery-container foogallery-carousel foogallery-lightbox-foogallery fg-carousel-hide-pagination fg-carousel fg-ready fg-light fg-border-thin fg-shadow-outline fg-loading-default fg-loaded-fade-in fg-caption-hover fg-hover-fade fg-hover-zoom\" id=\"foogallery-gallery-7697\" data-foogallery=\"{&quot;item&quot;:{&quot;showCaptionTitle&quot;:true,&quot;showCaptionDescription&quot;:true},&quot;lazy&quot;:true,&quot;template&quot;:{&quot;maxItems&quot;:8,&quot;scale&quot;:0.11999999999999999555910790149937383830547332763671875,&quot;gutter&quot;:{&quot;min&quot;:-40,&quot;max&quot;:-20,&quot;unit&quot;:&quot;%&quot;},&quot;autoplay&quot;:{&quot;time&quot;:0,&quot;interaction&quot;:&quot;pause&quot;},&quot;centerOnClick&quot;:false}}\" data-foogallery-lightbox=\"{&quot;thumbs&quot;:&quot;bottom&quot;,&quot;thumbsCaptions&quot;:false,&quot;thumbsBestFit&quot;:false,&quot;thumbsSmall&quot;:false,&quot;thumbsCaptionsAlign&quot;:&quot;default&quot;,&quot;info&quot;:&quot;bottom&quot;,&quot;infoVisible&quot;:true,&quot;infoOverlay&quot;:true,&quot;infoAlign&quot;:&quot;default&quot;,&quot;transition&quot;:&quot;fade&quot;,&quot;hoverButtons&quot;:false,&quot;fitMedia&quot;:false,&quot;noScrollbars&quot;:true,&quot;preserveButtonSpace&quot;:true,&quot;buttons&quot;:{&quot;fullscreen&quot;:true,&quot;info&quot;:true,&quot;thumbs&quot;:false},&quot;video&quot;:{&quot;autoPlay&quot;:true}}\" style=\"--fg-title-line-clamp: 0; --fg-description-line-clamp: 0;\" >\n\t<button type=\"button\" class=\"fg-carousel-prev\"><\/button>\n\t<div class=\"fg-carousel-inner\">\n\t\t<div class=\"fg-carousel-center\"><\/div>\n\t\t<div class=\"fg-item fg-type-image fg-idle\"><figure class=\"fg-item-inner\"><a href=\"https:\/\/yamaha-centar.hr\/wp-content\/uploads\/2024\/11\/2025-Yamaha-XTZ700-EU-Icon_Blue-360-Degrees-001-03.jpg\" data-attachment-id=\"7700\" data-type=\"image\" class=\"fg-thumb\"><span class=\"fg-image-wrap\"><img decoding=\"async\" width=\"120\" height=\"80\" class=\"skip-lazy fg-image\" data-src-fg=\"https:\/\/yamaha-centar.hr\/wp-content\/uploads\/cache\/2024\/11\/2025-Yamaha-XTZ700-EU-Icon_Blue-360-Degrees-001-03\/1008852433.jpg\" src=\"data:image\/svg+xml,%3Csvg%20xmlns%3D%22http%3A%2F%2Fwww.w3.org%2F2000%2Fsvg%22%20width%3D%22120%22%20height%3D%2280%22%20viewBox%3D%220%200%20120%2080%22%3E%3C%2Fsvg%3E\" loading=\"eager\"><\/span><span class=\"fg-image-overlay\"><\/span><\/a><\/figure><div class=\"fg-loader\"><\/div><\/div><div class=\"fg-item fg-type-image fg-idle\"><figure class=\"fg-item-inner\"><a href=\"https:\/\/yamaha-centar.hr\/wp-content\/uploads\/2024\/11\/2025-Yamaha-XTZ700-EU-Icon_Blue-Action-001-03.jpg\" data-attachment-id=\"7701\" data-type=\"image\" class=\"fg-thumb\"><span class=\"fg-image-wrap\"><img decoding=\"async\" width=\"120\" height=\"80\" class=\"skip-lazy fg-image\" data-src-fg=\"https:\/\/yamaha-centar.hr\/wp-content\/uploads\/cache\/2024\/11\/2025-Yamaha-XTZ700-EU-Icon_Blue-Action-001-03\/904899133.jpg\" src=\"data:image\/svg+xml,%3Csvg%20xmlns%3D%22http%3A%2F%2Fwww.w3.org%2F2000%2Fsvg%22%20width%3D%22120%22%20height%3D%2280%22%20viewBox%3D%220%200%20120%2080%22%3E%3C%2Fsvg%3E\" loading=\"eager\"><\/span><span class=\"fg-image-overlay\"><\/span><\/a><\/figure><div class=\"fg-loader\"><\/div><\/div><div class=\"fg-item fg-type-image fg-idle\"><figure class=\"fg-item-inner\"><a href=\"https:\/\/yamaha-centar.hr\/wp-content\/uploads\/2024\/11\/2025-Yamaha-XTZ700-EU-Icon_Blue-Action-002-03.jpg\" data-attachment-id=\"7702\" data-type=\"image\" class=\"fg-thumb\"><span class=\"fg-image-wrap\"><img decoding=\"async\" width=\"120\" height=\"80\" class=\"skip-lazy fg-image\" data-src-fg=\"https:\/\/yamaha-centar.hr\/wp-content\/uploads\/cache\/2024\/11\/2025-Yamaha-XTZ700-EU-Icon_Blue-Action-002-03\/586794598.jpg\" src=\"data:image\/svg+xml,%3Csvg%20xmlns%3D%22http%3A%2F%2Fwww.w3.org%2F2000%2Fsvg%22%20width%3D%22120%22%20height%3D%2280%22%20viewBox%3D%220%200%20120%2080%22%3E%3C%2Fsvg%3E\" loading=\"eager\"><\/span><span class=\"fg-image-overlay\"><\/span><\/a><\/figure><div class=\"fg-loader\"><\/div><\/div><div class=\"fg-item fg-type-image fg-idle\"><figure class=\"fg-item-inner\"><a href=\"https:\/\/yamaha-centar.hr\/wp-content\/uploads\/2024\/11\/2025-Yamaha-XTZ700-EU-Icon_Blue-Action-003-03.jpg\" data-attachment-id=\"7703\" data-type=\"image\" class=\"fg-thumb\"><span class=\"fg-image-wrap\"><img decoding=\"async\" width=\"120\" height=\"80\" class=\"skip-lazy fg-image\" data-src-fg=\"https:\/\/yamaha-centar.hr\/wp-content\/uploads\/cache\/2024\/11\/2025-Yamaha-XTZ700-EU-Icon_Blue-Action-003-03\/804527535.jpg\" src=\"data:image\/svg+xml,%3Csvg%20xmlns%3D%22http%3A%2F%2Fwww.w3.org%2F2000%2Fsvg%22%20width%3D%22120%22%20height%3D%2280%22%20viewBox%3D%220%200%20120%2080%22%3E%3C%2Fsvg%3E\" loading=\"eager\"><\/span><span class=\"fg-image-overlay\"><\/span><\/a><\/figure><div class=\"fg-loader\"><\/div><\/div><div class=\"fg-item fg-type-image fg-idle\"><figure class=\"fg-item-inner\"><a href=\"https:\/\/yamaha-centar.hr\/wp-content\/uploads\/2024\/11\/2025-Yamaha-XTZ700-EU-Icon_Blue-Action-004-03.jpg\" data-attachment-id=\"7704\" data-type=\"image\" class=\"fg-thumb\"><span class=\"fg-image-wrap\"><img decoding=\"async\" width=\"120\" height=\"80\" class=\"skip-lazy fg-image\" data-src-fg=\"https:\/\/yamaha-centar.hr\/wp-content\/uploads\/cache\/2024\/11\/2025-Yamaha-XTZ700-EU-Icon_Blue-Action-004-03\/215293648.jpg\" src=\"data:image\/svg+xml,%3Csvg%20xmlns%3D%22http%3A%2F%2Fwww.w3.org%2F2000%2Fsvg%22%20width%3D%22120%22%20height%3D%2280%22%20viewBox%3D%220%200%20120%2080%22%3E%3C%2Fsvg%3E\" loading=\"eager\"><\/span><span class=\"fg-image-overlay\"><\/span><\/a><\/figure><div class=\"fg-loader\"><\/div><\/div><div class=\"fg-item fg-type-image fg-idle\"><figure class=\"fg-item-inner\"><a href=\"https:\/\/yamaha-centar.hr\/wp-content\/uploads\/2024\/11\/2025-Yamaha-XTZ700-EU-Icon_Blue-Action-005-03.jpg\" data-attachment-id=\"7705\" data-type=\"image\" class=\"fg-thumb\"><span class=\"fg-image-wrap\"><img decoding=\"async\" width=\"120\" height=\"80\" class=\"skip-lazy fg-image\" data-src-fg=\"https:\/\/yamaha-centar.hr\/wp-content\/uploads\/cache\/2024\/11\/2025-Yamaha-XTZ700-EU-Icon_Blue-Action-005-03\/30983449.jpg\" src=\"data:image\/svg+xml,%3Csvg%20xmlns%3D%22http%3A%2F%2Fwww.w3.org%2F2000%2Fsvg%22%20width%3D%22120%22%20height%3D%2280%22%20viewBox%3D%220%200%20120%2080%22%3E%3C%2Fsvg%3E\" loading=\"eager\"><\/span><span class=\"fg-image-overlay\"><\/span><\/a><\/figure><div class=\"fg-loader\"><\/div><\/div><div class=\"fg-item fg-type-image fg-idle\"><figure class=\"fg-item-inner\"><a href=\"https:\/\/yamaha-centar.hr\/wp-content\/uploads\/2024\/11\/2025-Yamaha-XTZ700-EU-Icon_Blue-Action-006-03.jpg\" data-attachment-id=\"7706\" data-type=\"image\" class=\"fg-thumb\"><span class=\"fg-image-wrap\"><img decoding=\"async\" width=\"120\" height=\"80\" class=\"skip-lazy fg-image\" data-src-fg=\"https:\/\/yamaha-centar.hr\/wp-content\/uploads\/cache\/2024\/11\/2025-Yamaha-XTZ700-EU-Icon_Blue-Action-006-03\/382642498.jpg\" src=\"data:image\/svg+xml,%3Csvg%20xmlns%3D%22http%3A%2F%2Fwww.w3.org%2F2000%2Fsvg%22%20width%3D%22120%22%20height%3D%2280%22%20viewBox%3D%220%200%20120%2080%22%3E%3C%2Fsvg%3E\" loading=\"eager\"><\/span><span class=\"fg-image-overlay\"><\/span><\/a><\/figure><div class=\"fg-loader\"><\/div><\/div><div class=\"fg-item fg-type-image fg-idle\"><figure class=\"fg-item-inner\"><a href=\"https:\/\/yamaha-centar.hr\/wp-content\/uploads\/2024\/11\/2025-Yamaha-XTZ700-EU-Icon_Blue-Action-007-03.jpg\" data-attachment-id=\"7707\" data-type=\"image\" class=\"fg-thumb\"><span class=\"fg-image-wrap\"><img decoding=\"async\" width=\"120\" height=\"80\" class=\"skip-lazy fg-image\" data-src-fg=\"https:\/\/yamaha-centar.hr\/wp-content\/uploads\/cache\/2024\/11\/2025-Yamaha-XTZ700-EU-Icon_Blue-Action-007-03\/465793675.jpg\" src=\"data:image\/svg+xml,%3Csvg%20xmlns%3D%22http%3A%2F%2Fwww.w3.org%2F2000%2Fsvg%22%20width%3D%22120%22%20height%3D%2280%22%20viewBox%3D%220%200%20120%2080%22%3E%3C%2Fsvg%3E\" loading=\"eager\"><\/span><span class=\"fg-image-overlay\"><\/span><\/a><\/figure><div class=\"fg-loader\"><\/div><\/div><div class=\"fg-item fg-type-image fg-idle\"><figure class=\"fg-item-inner\"><a href=\"https:\/\/yamaha-centar.hr\/wp-content\/uploads\/2024\/11\/2025-Yamaha-XTZ700-EU-Icon_Blue-Action-008-03.jpg\" data-attachment-id=\"7708\" data-type=\"image\" class=\"fg-thumb\"><span class=\"fg-image-wrap\"><img decoding=\"async\" width=\"120\" height=\"80\" class=\"skip-lazy fg-image\" data-src-fg=\"https:\/\/yamaha-centar.hr\/wp-content\/uploads\/cache\/2024\/11\/2025-Yamaha-XTZ700-EU-Icon_Blue-Action-008-03\/1351397308.jpg\" src=\"data:image\/svg+xml,%3Csvg%20xmlns%3D%22http%3A%2F%2Fwww.w3.org%2F2000%2Fsvg%22%20width%3D%22120%22%20height%3D%2280%22%20viewBox%3D%220%200%20120%2080%22%3E%3C%2Fsvg%3E\" loading=\"eager\"><\/span><span class=\"fg-image-overlay\"><\/span><\/a><\/figure><div class=\"fg-loader\"><\/div><\/div><div class=\"fg-item fg-type-image fg-idle\"><figure class=\"fg-item-inner\"><a href=\"https:\/\/yamaha-centar.hr\/wp-content\/uploads\/2024\/11\/2025-Yamaha-XTZ700-EU-Icon_Blue-Action-009-03.jpg\" data-attachment-id=\"7709\" data-type=\"image\" class=\"fg-thumb\"><span class=\"fg-image-wrap\"><img decoding=\"async\" width=\"120\" height=\"80\" class=\"skip-lazy fg-image\" data-src-fg=\"https:\/\/yamaha-centar.hr\/wp-content\/uploads\/cache\/2024\/11\/2025-Yamaha-XTZ700-EU-Icon_Blue-Action-009-03\/1568765045.jpg\" src=\"data:image\/svg+xml,%3Csvg%20xmlns%3D%22http%3A%2F%2Fwww.w3.org%2F2000%2Fsvg%22%20width%3D%22120%22%20height%3D%2280%22%20viewBox%3D%220%200%20120%2080%22%3E%3C%2Fsvg%3E\" loading=\"eager\"><\/span><span class=\"fg-image-overlay\"><\/span><\/a><\/figure><div class=\"fg-loader\"><\/div><\/div><div class=\"fg-item fg-type-image fg-idle\"><figure class=\"fg-item-inner\"><a href=\"https:\/\/yamaha-centar.hr\/wp-content\/uploads\/2024\/11\/2025-Yamaha-XTZ700-EU-Icon_Blue-Action-010-03.jpg\" data-attachment-id=\"7710\" data-type=\"image\" class=\"fg-thumb\"><span class=\"fg-image-wrap\"><img decoding=\"async\" width=\"120\" height=\"80\" class=\"skip-lazy fg-image\" data-src-fg=\"https:\/\/yamaha-centar.hr\/wp-content\/uploads\/cache\/2024\/11\/2025-Yamaha-XTZ700-EU-Icon_Blue-Action-010-03\/3663136315.jpg\" src=\"data:image\/svg+xml,%3Csvg%20xmlns%3D%22http%3A%2F%2Fwww.w3.org%2F2000%2Fsvg%22%20width%3D%22120%22%20height%3D%2280%22%20viewBox%3D%220%200%20120%2080%22%3E%3C%2Fsvg%3E\" loading=\"eager\"><\/span><span class=\"fg-image-overlay\"><\/span><\/a><\/figure><div class=\"fg-loader\"><\/div><\/div><div class=\"fg-item fg-type-image fg-idle\"><figure class=\"fg-item-inner\"><a href=\"https:\/\/yamaha-centar.hr\/wp-content\/uploads\/2024\/11\/2025-Yamaha-XTZ700-EU-Icon_Blue-Action-011-03.jpg\" data-attachment-id=\"7711\" data-type=\"image\" class=\"fg-thumb\"><span class=\"fg-image-wrap\"><img decoding=\"async\" width=\"120\" height=\"80\" class=\"skip-lazy fg-image\" data-src-fg=\"https:\/\/yamaha-centar.hr\/wp-content\/uploads\/cache\/2024\/11\/2025-Yamaha-XTZ700-EU-Icon_Blue-Action-011-03\/3613056498.jpg\" src=\"data:image\/svg+xml,%3Csvg%20xmlns%3D%22http%3A%2F%2Fwww.w3.org%2F2000%2Fsvg%22%20width%3D%22120%22%20height%3D%2280%22%20viewBox%3D%220%200%20120%2080%22%3E%3C%2Fsvg%3E\" loading=\"eager\"><\/span><span class=\"fg-image-overlay\"><\/span><\/a><\/figure><div class=\"fg-loader\"><\/div><\/div><div class=\"fg-item fg-type-image fg-idle\"><figure class=\"fg-item-inner\"><a href=\"https:\/\/yamaha-centar.hr\/wp-content\/uploads\/2024\/11\/2025-Yamaha-XTZ700-EU-Icon_Blue-Action-012-03.jpg\" data-attachment-id=\"7712\" data-type=\"image\" class=\"fg-thumb\"><span class=\"fg-image-wrap\"><img decoding=\"async\" width=\"120\" height=\"80\" class=\"skip-lazy fg-image\" data-src-fg=\"https:\/\/yamaha-centar.hr\/wp-content\/uploads\/cache\/2024\/11\/2025-Yamaha-XTZ700-EU-Icon_Blue-Action-012-03\/3226251689.jpg\" src=\"data:image\/svg+xml,%3Csvg%20xmlns%3D%22http%3A%2F%2Fwww.w3.org%2F2000%2Fsvg%22%20width%3D%22120%22%20height%3D%2280%22%20viewBox%3D%220%200%20120%2080%22%3E%3C%2Fsvg%3E\" loading=\"eager\"><\/span><span class=\"fg-image-overlay\"><\/span><\/a><\/figure><div class=\"fg-loader\"><\/div><\/div><div class=\"fg-item fg-type-image fg-idle\"><figure class=\"fg-item-inner\"><a href=\"https:\/\/yamaha-centar.hr\/wp-content\/uploads\/2024\/11\/2025-Yamaha-XTZ700-EU-Icon_Blue-Action-013-03.jpg\" data-attachment-id=\"7713\" data-type=\"image\" class=\"fg-thumb\"><span class=\"fg-image-wrap\"><img decoding=\"async\" width=\"120\" height=\"80\" class=\"skip-lazy fg-image\" data-src-fg=\"https:\/\/yamaha-centar.hr\/wp-content\/uploads\/cache\/2024\/11\/2025-Yamaha-XTZ700-EU-Icon_Blue-Action-013-03\/3443616352.jpg\" src=\"data:image\/svg+xml,%3Csvg%20xmlns%3D%22http%3A%2F%2Fwww.w3.org%2F2000%2Fsvg%22%20width%3D%22120%22%20height%3D%2280%22%20viewBox%3D%220%200%20120%2080%22%3E%3C%2Fsvg%3E\" loading=\"eager\"><\/span><span class=\"fg-image-overlay\"><\/span><\/a><\/figure><div class=\"fg-loader\"><\/div><\/div><div class=\"fg-item fg-type-image fg-idle\"><figure class=\"fg-item-inner\"><a href=\"https:\/\/yamaha-centar.hr\/wp-content\/uploads\/2024\/11\/2025-Yamaha-XTZ700-EU-Icon_Blue-Action-014-03.jpg\" data-attachment-id=\"7714\" data-type=\"image\" class=\"fg-thumb\"><span class=\"fg-image-wrap\"><img decoding=\"async\" width=\"120\" height=\"80\" class=\"skip-lazy fg-image\" data-src-fg=\"https:\/\/yamaha-centar.hr\/wp-content\/uploads\/cache\/2024\/11\/2025-Yamaha-XTZ700-EU-Icon_Blue-Action-014-03\/3999295775.jpg\" src=\"data:image\/svg+xml,%3Csvg%20xmlns%3D%22http%3A%2F%2Fwww.w3.org%2F2000%2Fsvg%22%20width%3D%22120%22%20height%3D%2280%22%20viewBox%3D%220%200%20120%2080%22%3E%3C%2Fsvg%3E\" loading=\"eager\"><\/span><span class=\"fg-image-overlay\"><\/span><\/a><\/figure><div class=\"fg-loader\"><\/div><\/div><div class=\"fg-item fg-type-image fg-idle\"><figure class=\"fg-item-inner\"><a href=\"https:\/\/yamaha-centar.hr\/wp-content\/uploads\/2024\/11\/2025-Yamaha-XTZ700-EU-Icon_Blue-Action-015-03.jpg\" data-attachment-id=\"7715\" data-type=\"image\" class=\"fg-thumb\"><span class=\"fg-image-wrap\"><img decoding=\"async\" width=\"120\" height=\"80\" class=\"skip-lazy fg-image\" data-src-fg=\"https:\/\/yamaha-centar.hr\/wp-content\/uploads\/cache\/2024\/11\/2025-Yamaha-XTZ700-EU-Icon_Blue-Action-015-03\/3815617238.jpg\" src=\"data:image\/svg+xml,%3Csvg%20xmlns%3D%22http%3A%2F%2Fwww.w3.org%2F2000%2Fsvg%22%20width%3D%22120%22%20height%3D%2280%22%20viewBox%3D%220%200%20120%2080%22%3E%3C%2Fsvg%3E\" loading=\"eager\"><\/span><span class=\"fg-image-overlay\"><\/span><\/a><\/figure><div class=\"fg-loader\"><\/div><\/div><div class=\"fg-item fg-type-image fg-idle\"><figure class=\"fg-item-inner\"><a href=\"https:\/\/yamaha-centar.hr\/wp-content\/uploads\/2024\/11\/2025-Yamaha-XTZ700-EU-Icon_Blue-Static-001-03.jpg\" data-attachment-id=\"7716\" data-type=\"image\" class=\"fg-thumb\"><span class=\"fg-image-wrap\"><img decoding=\"async\" width=\"120\" height=\"80\" class=\"skip-lazy fg-image\" data-src-fg=\"https:\/\/yamaha-centar.hr\/wp-content\/uploads\/cache\/2024\/11\/2025-Yamaha-XTZ700-EU-Icon_Blue-Static-001-03\/1438185201.jpg\" src=\"data:image\/svg+xml,%3Csvg%20xmlns%3D%22http%3A%2F%2Fwww.w3.org%2F2000%2Fsvg%22%20width%3D%22120%22%20height%3D%2280%22%20viewBox%3D%220%200%20120%2080%22%3E%3C%2Fsvg%3E\" loading=\"eager\"><\/span><span class=\"fg-image-overlay\"><\/span><\/a><\/figure><div class=\"fg-loader\"><\/div><\/div><div class=\"fg-item fg-type-image fg-idle\"><figure class=\"fg-item-inner\"><a href=\"https:\/\/yamaha-centar.hr\/wp-content\/uploads\/2024\/11\/2025-Yamaha-XTZ700-EU-Icon_Blue-Static-002-03.jpg\" data-attachment-id=\"7717\" data-type=\"image\" class=\"fg-thumb\"><span class=\"fg-image-wrap\"><img decoding=\"async\" width=\"120\" height=\"80\" class=\"skip-lazy fg-image\" data-src-fg=\"https:\/\/yamaha-centar.hr\/wp-content\/uploads\/cache\/2024\/11\/2025-Yamaha-XTZ700-EU-Icon_Blue-Static-002-03\/14259449.jpg\" src=\"data:image\/svg+xml,%3Csvg%20xmlns%3D%22http%3A%2F%2Fwww.w3.org%2F2000%2Fsvg%22%20width%3D%22120%22%20height%3D%2280%22%20viewBox%3D%220%200%20120%2080%22%3E%3C%2Fsvg%3E\" loading=\"eager\"><\/span><span class=\"fg-image-overlay\"><\/span><\/a><\/figure><div class=\"fg-loader\"><\/div><\/div><div class=\"fg-item fg-type-image fg-idle\"><figure class=\"fg-item-inner\"><a href=\"https:\/\/yamaha-centar.hr\/wp-content\/uploads\/2024\/11\/2025-Yamaha-XTZ700-EU-Icon_Blue-Static-003-03.jpg\" data-attachment-id=\"7718\" data-type=\"image\" class=\"fg-thumb\"><span class=\"fg-image-wrap\"><img decoding=\"async\" width=\"120\" height=\"80\" class=\"skip-lazy fg-image\" data-src-fg=\"https:\/\/yamaha-centar.hr\/wp-content\/uploads\/cache\/2024\/11\/2025-Yamaha-XTZ700-EU-Icon_Blue-Static-003-03\/434135752.jpg\" src=\"data:image\/svg+xml,%3Csvg%20xmlns%3D%22http%3A%2F%2Fwww.w3.org%2F2000%2Fsvg%22%20width%3D%22120%22%20height%3D%2280%22%20viewBox%3D%220%200%20120%2080%22%3E%3C%2Fsvg%3E\" loading=\"eager\"><\/span><span class=\"fg-image-overlay\"><\/span><\/a><\/figure><div class=\"fg-loader\"><\/div><\/div><div class=\"fg-item fg-type-image fg-idle\"><figure class=\"fg-item-inner\"><a href=\"https:\/\/yamaha-centar.hr\/wp-content\/uploads\/2024\/11\/2025-Yamaha-XTZ700-EU-Icon_Blue-Static-004-03.jpg\" data-attachment-id=\"7719\" data-type=\"image\" class=\"fg-thumb\"><span class=\"fg-image-wrap\"><img decoding=\"async\" width=\"120\" height=\"80\" class=\"skip-lazy fg-image\" data-src-fg=\"https:\/\/yamaha-centar.hr\/wp-content\/uploads\/cache\/2024\/11\/2025-Yamaha-XTZ700-EU-Icon_Blue-Static-004-03\/4233655106.jpg\" src=\"data:image\/svg+xml,%3Csvg%20xmlns%3D%22http%3A%2F%2Fwww.w3.org%2F2000%2Fsvg%22%20width%3D%22120%22%20height%3D%2280%22%20viewBox%3D%220%200%20120%2080%22%3E%3C%2Fsvg%3E\" loading=\"eager\"><\/span><span class=\"fg-image-overlay\"><\/span><\/a><\/figure><div class=\"fg-loader\"><\/div><\/div><div class=\"fg-item fg-type-image fg-idle\"><figure class=\"fg-item-inner\"><a href=\"https:\/\/yamaha-centar.hr\/wp-content\/uploads\/2024\/11\/2025-Yamaha-XTZ700-EU-Icon_Blue-Static-005-03.jpg\" data-attachment-id=\"7720\" data-type=\"image\" class=\"fg-thumb\"><span class=\"fg-image-wrap\"><img decoding=\"async\" width=\"120\" height=\"80\" class=\"skip-lazy fg-image\" data-src-fg=\"https:\/\/yamaha-centar.hr\/wp-content\/uploads\/cache\/2024\/11\/2025-Yamaha-XTZ700-EU-Icon_Blue-Static-005-03\/2831735654.jpg\" src=\"data:image\/svg+xml,%3Csvg%20xmlns%3D%22http%3A%2F%2Fwww.w3.org%2F2000%2Fsvg%22%20width%3D%22120%22%20height%3D%2280%22%20viewBox%3D%220%200%20120%2080%22%3E%3C%2Fsvg%3E\" loading=\"eager\"><\/span><span class=\"fg-image-overlay\"><\/span><\/a><\/figure><div class=\"fg-loader\"><\/div><\/div><div class=\"fg-item fg-type-image fg-idle\"><figure class=\"fg-item-inner\"><a href=\"https:\/\/yamaha-centar.hr\/wp-content\/uploads\/2024\/11\/2025-Yamaha-XTZ700-EU-Icon_Blue-Static-006-03.jpg\" data-attachment-id=\"7721\" data-type=\"image\" class=\"fg-thumb\"><span class=\"fg-image-wrap\"><img decoding=\"async\" width=\"120\" height=\"80\" class=\"skip-lazy fg-image\" data-src-fg=\"https:\/\/yamaha-centar.hr\/wp-content\/uploads\/cache\/2024\/11\/2025-Yamaha-XTZ700-EU-Icon_Blue-Static-006-03\/4255758702.jpg\" src=\"data:image\/svg+xml,%3Csvg%20xmlns%3D%22http%3A%2F%2Fwww.w3.org%2F2000%2Fsvg%22%20width%3D%22120%22%20height%3D%2280%22%20viewBox%3D%220%200%20120%2080%22%3E%3C%2Fsvg%3E\" loading=\"eager\"><\/span><span class=\"fg-image-overlay\"><\/span><\/a><\/figure><div class=\"fg-loader\"><\/div><\/div><div class=\"fg-item fg-type-image fg-idle\"><figure class=\"fg-item-inner\"><a href=\"https:\/\/yamaha-centar.hr\/wp-content\/uploads\/2024\/11\/2025-Yamaha-XTZ700-EU-Icon_Blue-Static-007-03.jpg\" data-attachment-id=\"7722\" data-type=\"image\" class=\"fg-thumb\"><span class=\"fg-image-wrap\"><img decoding=\"async\" width=\"120\" height=\"80\" class=\"skip-lazy fg-image\" data-src-fg=\"https:\/\/yamaha-centar.hr\/wp-content\/uploads\/cache\/2024\/11\/2025-Yamaha-XTZ700-EU-Icon_Blue-Static-007-03\/3000200436.jpg\" src=\"data:image\/svg+xml,%3Csvg%20xmlns%3D%22http%3A%2F%2Fwww.w3.org%2F2000%2Fsvg%22%20width%3D%22120%22%20height%3D%2280%22%20viewBox%3D%220%200%20120%2080%22%3E%3C%2Fsvg%3E\" loading=\"eager\"><\/span><span class=\"fg-image-overlay\"><\/span><\/a><\/figure><div class=\"fg-loader\"><\/div><\/div><div class=\"fg-item fg-type-image fg-idle\"><figure class=\"fg-item-inner\"><a href=\"https:\/\/yamaha-centar.hr\/wp-content\/uploads\/2024\/11\/2025-Yamaha-XTZ700-EU-Icon_Blue-Static-008-03.jpg\" data-attachment-id=\"7723\" data-type=\"image\" class=\"fg-thumb\"><span class=\"fg-image-wrap\"><img decoding=\"async\" width=\"120\" height=\"80\" class=\"skip-lazy fg-image\" data-src-fg=\"https:\/\/yamaha-centar.hr\/wp-content\/uploads\/cache\/2024\/11\/2025-Yamaha-XTZ700-EU-Icon_Blue-Static-008-03\/3987250235.jpg\" src=\"data:image\/svg+xml,%3Csvg%20xmlns%3D%22http%3A%2F%2Fwww.w3.org%2F2000%2Fsvg%22%20width%3D%22120%22%20height%3D%2280%22%20viewBox%3D%220%200%20120%2080%22%3E%3C%2Fsvg%3E\" loading=\"eager\"><\/span><span class=\"fg-image-overlay\"><\/span><\/a><\/figure><div class=\"fg-loader\"><\/div><\/div><div class=\"fg-item fg-type-image fg-idle\"><figure class=\"fg-item-inner\"><a href=\"https:\/\/yamaha-centar.hr\/wp-content\/uploads\/2024\/11\/2025-Yamaha-XTZ700-EU-Icon_Blue-Static-009-03.jpg\" data-attachment-id=\"7724\" data-type=\"image\" class=\"fg-thumb\"><span class=\"fg-image-wrap\"><img decoding=\"async\" width=\"120\" height=\"80\" class=\"skip-lazy fg-image\" data-src-fg=\"https:\/\/yamaha-centar.hr\/wp-content\/uploads\/cache\/2024\/11\/2025-Yamaha-XTZ700-EU-Icon_Blue-Static-009-03\/641488135.jpg\" src=\"data:image\/svg+xml,%3Csvg%20xmlns%3D%22http%3A%2F%2Fwww.w3.org%2F2000%2Fsvg%22%20width%3D%22120%22%20height%3D%2280%22%20viewBox%3D%220%200%20120%2080%22%3E%3C%2Fsvg%3E\" loading=\"eager\"><\/span><span class=\"fg-image-overlay\"><\/span><\/a><\/figure><div class=\"fg-loader\"><\/div><\/div><div class=\"fg-item fg-type-image fg-idle\"><figure class=\"fg-item-inner\"><a href=\"https:\/\/yamaha-centar.hr\/wp-content\/uploads\/2024\/11\/2025-Yamaha-XTZ700-EU-Icon_Blue-Static-010-03.jpg\" data-attachment-id=\"7725\" data-type=\"image\" class=\"fg-thumb\"><span class=\"fg-image-wrap\"><img decoding=\"async\" width=\"120\" height=\"80\" class=\"skip-lazy fg-image\" data-src-fg=\"https:\/\/yamaha-centar.hr\/wp-content\/uploads\/cache\/2024\/11\/2025-Yamaha-XTZ700-EU-Icon_Blue-Static-010-03\/173482980.jpg\" src=\"data:image\/svg+xml,%3Csvg%20xmlns%3D%22http%3A%2F%2Fwww.w3.org%2F2000%2Fsvg%22%20width%3D%22120%22%20height%3D%2280%22%20viewBox%3D%220%200%20120%2080%22%3E%3C%2Fsvg%3E\" loading=\"eager\"><\/span><span class=\"fg-image-overlay\"><\/span><\/a><\/figure><div class=\"fg-loader\"><\/div><\/div><div class=\"fg-item fg-type-image fg-idle\"><figure class=\"fg-item-inner\"><a href=\"https:\/\/yamaha-centar.hr\/wp-content\/uploads\/2024\/11\/2025-Yamaha-XTZ700-EU-Icon_Blue-Static-011-03.jpg\" data-attachment-id=\"7726\" data-type=\"image\" class=\"fg-thumb\"><span class=\"fg-image-wrap\"><img decoding=\"async\" width=\"120\" height=\"80\" class=\"skip-lazy fg-image\" data-src-fg=\"https:\/\/yamaha-centar.hr\/wp-content\/uploads\/cache\/2024\/11\/2025-Yamaha-XTZ700-EU-Icon_Blue-Static-011-03\/1160640126.jpg\" src=\"data:image\/svg+xml,%3Csvg%20xmlns%3D%22http%3A%2F%2Fwww.w3.org%2F2000%2Fsvg%22%20width%3D%22120%22%20height%3D%2280%22%20viewBox%3D%220%200%20120%2080%22%3E%3C%2Fsvg%3E\" loading=\"eager\"><\/span><span class=\"fg-image-overlay\"><\/span><\/a><\/figure><div class=\"fg-loader\"><\/div><\/div><div class=\"fg-item fg-type-image fg-idle\"><figure class=\"fg-item-inner\"><a href=\"https:\/\/yamaha-centar.hr\/wp-content\/uploads\/2024\/11\/2025-Yamaha-XTZ700-EU-Icon_Blue-Studio-002-03.jpg\" data-attachment-id=\"7727\" data-type=\"image\" class=\"fg-thumb\"><span class=\"fg-image-wrap\"><img decoding=\"async\" width=\"120\" height=\"80\" class=\"skip-lazy fg-image\" data-src-fg=\"https:\/\/yamaha-centar.hr\/wp-content\/uploads\/cache\/2024\/11\/2025-Yamaha-XTZ700-EU-Icon_Blue-Studio-002-03\/4232471454.jpg\" src=\"data:image\/svg+xml,%3Csvg%20xmlns%3D%22http%3A%2F%2Fwww.w3.org%2F2000%2Fsvg%22%20width%3D%22120%22%20height%3D%2280%22%20viewBox%3D%220%200%20120%2080%22%3E%3C%2Fsvg%3E\" loading=\"eager\"><\/span><span class=\"fg-image-overlay\"><\/span><\/a><\/figure><div class=\"fg-loader\"><\/div><\/div><div class=\"fg-item fg-type-image fg-idle\"><figure class=\"fg-item-inner\"><a href=\"https:\/\/yamaha-centar.hr\/wp-content\/uploads\/2024\/11\/2025-Yamaha-XTZ700-EU-Icon_Blue-Studio-003-03.jpg\" data-attachment-id=\"7728\" data-type=\"image\" class=\"fg-thumb\"><span class=\"fg-image-wrap\"><img decoding=\"async\" width=\"120\" height=\"80\" class=\"skip-lazy fg-image\" data-src-fg=\"https:\/\/yamaha-centar.hr\/wp-content\/uploads\/cache\/2024\/11\/2025-Yamaha-XTZ700-EU-Icon_Blue-Studio-003-03\/3850343855.jpg\" src=\"data:image\/svg+xml,%3Csvg%20xmlns%3D%22http%3A%2F%2Fwww.w3.org%2F2000%2Fsvg%22%20width%3D%22120%22%20height%3D%2280%22%20viewBox%3D%220%200%20120%2080%22%3E%3C%2Fsvg%3E\" loading=\"eager\"><\/span><span class=\"fg-image-overlay\"><\/span><\/a><\/figure><div class=\"fg-loader\"><\/div><\/div><div class=\"fg-item fg-type-image fg-idle\"><figure class=\"fg-item-inner\"><a href=\"https:\/\/yamaha-centar.hr\/wp-content\/uploads\/2024\/11\/2025-Yamaha-XTZ700-EU-Icon_Blue-Studio-004-03.jpg\" data-attachment-id=\"7729\" data-type=\"image\" class=\"fg-thumb\"><span class=\"fg-image-wrap\"><img decoding=\"async\" width=\"120\" height=\"80\" class=\"skip-lazy fg-image\" data-src-fg=\"https:\/\/yamaha-centar.hr\/wp-content\/uploads\/cache\/2024\/11\/2025-Yamaha-XTZ700-EU-Icon_Blue-Studio-004-03\/13075493.jpg\" src=\"data:image\/svg+xml,%3Csvg%20xmlns%3D%22http%3A%2F%2Fwww.w3.org%2F2000%2Fsvg%22%20width%3D%22120%22%20height%3D%2280%22%20viewBox%3D%220%200%20120%2080%22%3E%3C%2Fsvg%3E\" loading=\"eager\"><\/span><span class=\"fg-image-overlay\"><\/span><\/a><\/figure><div class=\"fg-loader\"><\/div><\/div><div class=\"fg-item fg-type-image fg-idle\"><figure class=\"fg-item-inner\"><a href=\"https:\/\/yamaha-centar.hr\/wp-content\/uploads\/2024\/11\/2025-Yamaha-XTZ700-EU-Icon_Blue-Studio-005-03.jpg\" data-attachment-id=\"7730\" data-type=\"image\" class=\"fg-thumb\"><span class=\"fg-image-wrap\"><img decoding=\"async\" width=\"120\" height=\"80\" class=\"skip-lazy fg-image\" data-src-fg=\"https:\/\/yamaha-centar.hr\/wp-content\/uploads\/cache\/2024\/11\/2025-Yamaha-XTZ700-EU-Icon_Blue-Studio-005-03\/2792840001.jpg\" src=\"data:image\/svg+xml,%3Csvg%20xmlns%3D%22http%3A%2F%2Fwww.w3.org%2F2000%2Fsvg%22%20width%3D%22120%22%20height%3D%2280%22%20viewBox%3D%220%200%20120%2080%22%3E%3C%2Fsvg%3E\" loading=\"eager\"><\/span><span class=\"fg-image-overlay\"><\/span><\/a><\/figure><div class=\"fg-loader\"><\/div><\/div><div class=\"fg-item fg-type-image fg-idle\"><figure class=\"fg-item-inner\"><a href=\"https:\/\/yamaha-centar.hr\/wp-content\/uploads\/2024\/11\/2025-Yamaha-XTZ700-EU-Icon_Blue-Studio-006-03.jpg\" data-attachment-id=\"7731\" data-type=\"image\" class=\"fg-thumb\"><span class=\"fg-image-wrap\"><img decoding=\"async\" width=\"120\" height=\"80\" class=\"skip-lazy fg-image\" data-src-fg=\"https:\/\/yamaha-centar.hr\/wp-content\/uploads\/cache\/2024\/11\/2025-Yamaha-XTZ700-EU-Icon_Blue-Studio-006-03\/4078319945.jpg\" src=\"data:image\/svg+xml,%3Csvg%20xmlns%3D%22http%3A%2F%2Fwww.w3.org%2F2000%2Fsvg%22%20width%3D%22120%22%20height%3D%2280%22%20viewBox%3D%220%200%20120%2080%22%3E%3C%2Fsvg%3E\" loading=\"eager\"><\/span><span class=\"fg-image-overlay\"><\/span><\/a><\/figure><div class=\"fg-loader\"><\/div><\/div>\t<\/div>\n\t<div class=\"fg-carousel-bottom\"><\/div>\n\t<div class=\"fg-carousel-progress\"><\/div>\n\t<button type=\"button\" class=\"fg-carousel-next\"><\/button>\n<\/div><style type=\"text\/css\">#foogallery-gallery-7697 { margin-bottom: 45px; }\r\n\r\n<\/style>\n<h5>T\u00e9n\u00e9r\u00e9 700 \/ 35kW<span id=\"cijena\">Cijena: 12.199 \u20ac<\/span><\/h5>\n<p>Kada vozite T\u00e9n\u00e9r\u00e9 700, vozite legendu. Izra\u0111en je da bude \u010dvrst. Od novog prilagodljivog ovjesa do pomno promi\u0161ljenog polo\u017eaja za vo\u017enju i elektroni\u010dkih pomagala koja mo\u017eete isklju\u010diti kada je potrebno, ovaj motocikl mo\u017ee savladati bilo koji teren na kojem se nalazi. Lak\u0161i od konkurencije i uz agregat ugo\u0111en za okretni moment, ovaj motocikl, koji ide posvuda i radi sve, utjelovljuje sam duh \u017eivota na dva kota\u010da i osje\u0107aj pustolovine koji svi imamo.<\/p>\n<p><strong>Ukupne informacije o cijenama<\/strong><\/p>\n<div class=\"flexTokens__FlexWrapper-sc-1jxq5qm-0 styled__FlexWrapperStyled-sc-14fxku5-1 dONFAe gWqFAv\">\n<p class=\"typography__RegularTextLevel2-sc-17h5z1x-5 kesVtB\">T\u00e9n\u00e9r\u00e9 700 Icon Blue<\/p>\n<\/div>\n<div class=\"flexTokens__FlexWrapper-sc-1jxq5qm-0 styled__PricingInfoTableWrapper-sc-14fxku5-2 iiNylT bRrUro\">\n<table class=\"styled__TableWrapperStyled-sc-1t4q4f8-0 inbZVp styled__BaseTableStyled-sc-14fxku5-3 jpBwgs\" aria-label=\"table\" data-testid=\"PricingInfoTable\">\n<thead class=\"styled__TableHeadStyled-sc-1t4q4f8-6 cGjKHo\">\n<tr class=\"styled__TableRowStyled-sc-1t4q4f8-4 khEXeL\">\n<td class=\"styled__TableCellStyled-sc-1t4q4f8-1 hPNhQO\"><span class=\"styled__HeaderCellStyled-sc-14fxku5-7 gAAqQl\">Snaga verzija<\/span><\/td>\n<td class=\"styled__TableCellStyled-sc-1t4q4f8-1 hPNhQO\"><span class=\"styled__HeaderCellStyled-sc-14fxku5-7 gAAqQl\">Prijenos<\/span><\/td>\n<td class=\"styled__TableCellStyled-sc-1t4q4f8-1 hPNhQO\"><span class=\"styled__HeaderCellStyled-sc-14fxku5-7 gAAqQl\">Sn\u00ed\u017een\u00e1 verze<\/span><\/td>\n<td class=\"styled__TableCellStyled-sc-1t4q4f8-1 hPNhQO\"><span class=\"styled__HeaderCellStyled-sc-14fxku5-7 gAAqQl\">Cijena<\/span><\/td>\n<\/tr>\n<\/thead>\n<tbody class=\"styled__TableBodyStyled-sc-1t4q4f8-5 blTJZn\">\n<tr class=\"styled__TableRowStyled-sc-1t4q4f8-4 khEXeL\">\n<td class=\"styled__TableCellStyled-sc-1t4q4f8-1 hPNhQO\"><span class=\"styled__DefaultCellStyled-sc-14fxku5-9 mhgdn\">Puna snaga<\/span><\/td>\n<td class=\"styled__TableCellStyled-sc-1t4q4f8-1 hPNhQO\"><span class=\"styled__DefaultCellStyled-sc-14fxku5-9 mhgdn\">N\/A<\/span><\/td>\n<td class=\"styled__TableCellStyled-sc-1t4q4f8-1 hPNhQO\"><span class=\"styled__DefaultCellStyled-sc-14fxku5-9 mhgdn\">Ne<\/span><\/td>\n<td class=\"styled__TableCellStyled-sc-1t4q4f8-1 hPNhQO\"><span class=\"styled__PriceStyled-sc-14fxku5-8 gILhBU\">12.199,00\u00a0\u20ac<\/span><\/td>\n<\/tr>\n<tr class=\"styled__TableRowStyled-sc-1t4q4f8-4 khEXeL\">\n<td class=\"styled__TableCellStyled-sc-1t4q4f8-1 dtagBs\" colspan=\"5\"><span class=\"typography__RegularTextLevel5-sc-17h5z1x-8 styled__RegularTextLevel5STyled-sc-14fxku5-4 cceavO fSTSwW\">Cijene uklju\u010duju 25% PDV-a i informativnog su karaktera. Zadr\u017eavamo pravo izmjene cijena bez prethodne najave.<\/span><\/td>\n<\/tr>\n<tr class=\"styled__TableRowStyled-sc-1t4q4f8-4 khEXeL\">\n<td class=\"styled__TableCellStyled-sc-1t4q4f8-1 hPNhQO\"><span class=\"styled__DefaultCellStyled-sc-14fxku5-9 mhgdn\">Puna snaga<\/span><\/td>\n<td class=\"styled__TableCellStyled-sc-1t4q4f8-1 hPNhQO\"><span class=\"styled__DefaultCellStyled-sc-14fxku5-9 mhgdn\">N\/A<\/span><\/td>\n<td class=\"styled__TableCellStyled-sc-1t4q4f8-1 hPNhQO\"><span class=\"styled__DefaultCellStyled-sc-14fxku5-9 mhgdn\">Da<\/span><\/td>\n<td class=\"styled__TableCellStyled-sc-1t4q4f8-1 hPNhQO\"><span class=\"styled__PriceStyled-sc-14fxku5-8 gILhBU\">12.199,00\u00a0\u20ac<\/span><\/td>\n<\/tr>\n<tr class=\"styled__TableRowStyled-sc-1t4q4f8-4 khEXeL\">\n<td class=\"styled__TableCellStyled-sc-1t4q4f8-1 dtagBs\" colspan=\"5\"><span class=\"typography__RegularTextLevel5-sc-17h5z1x-8 styled__RegularTextLevel5STyled-sc-14fxku5-4 cceavO fSTSwW\">Cijene uklju\u010duju 25% PDV-a i informativnog su karaktera. Zadr\u017eavamo pravo izmjene cijena bez prethodne najave.<\/span><\/td>\n<\/tr>\n<tr class=\"styled__TableRowStyled-sc-1t4q4f8-4 khEXeL\">\n<td class=\"styled__TableCellStyled-sc-1t4q4f8-1 hPNhQO\"><span class=\"styled__DefaultCellStyled-sc-14fxku5-9 mhgdn\">35 kW (A2 dozvola)<\/span><\/td>\n<td class=\"styled__TableCellStyled-sc-1t4q4f8-1 hPNhQO\"><span class=\"styled__DefaultCellStyled-sc-14fxku5-9 mhgdn\">N\/A<\/span><\/td>\n<td class=\"styled__TableCellStyled-sc-1t4q4f8-1 hPNhQO\"><span class=\"styled__DefaultCellStyled-sc-14fxku5-9 mhgdn\">Ne<\/span><\/td>\n<td class=\"styled__TableCellStyled-sc-1t4q4f8-1 hPNhQO\"><span class=\"styled__PriceStyled-sc-14fxku5-8 gILhBU\">12.199,00\u00a0\u20ac<\/span><\/td>\n<\/tr>\n<tr class=\"styled__TableRowStyled-sc-1t4q4f8-4 khEXeL\">\n<td class=\"styled__TableCellStyled-sc-1t4q4f8-1 dtagBs\" colspan=\"5\"><span class=\"typography__RegularTextLevel5-sc-17h5z1x-8 styled__RegularTextLevel5STyled-sc-14fxku5-4 cceavO fSTSwW\">Cijene uklju\u010duju 25% PDV-a i informativnog su karaktera. Zadr\u017eavamo pravo izmjene cijena bez prethodne najave.<\/span><\/td>\n<\/tr>\n<tr class=\"styled__TableRowStyled-sc-1t4q4f8-4 khEXeL\">\n<td class=\"styled__TableCellStyled-sc-1t4q4f8-1 hPNhQO\"><span class=\"styled__DefaultCellStyled-sc-14fxku5-9 mhgdn\">35 kW (A2 dozvola)<\/span><\/td>\n<td class=\"styled__TableCellStyled-sc-1t4q4f8-1 hPNhQO\"><span class=\"styled__DefaultCellStyled-sc-14fxku5-9 mhgdn\">N\/A<\/span><\/td>\n<td class=\"styled__TableCellStyled-sc-1t4q4f8-1 hPNhQO\"><span class=\"styled__DefaultCellStyled-sc-14fxku5-9 mhgdn\">Da<\/span><\/td>\n<td class=\"styled__TableCellStyled-sc-1t4q4f8-1 hPNhQO\"><span class=\"styled__PriceStyled-sc-14fxku5-8 gILhBU\">12.199,00\u00a0\u20ac<\/span><\/td>\n<\/tr>\n<tr class=\"styled__TableRowStyled-sc-1t4q4f8-4 khEXeL\">\n<td class=\"styled__TableCellStyled-sc-1t4q4f8-1 dtagBs\" colspan=\"5\"><span class=\"typography__RegularTextLevel5-sc-17h5z1x-8 styled__RegularTextLevel5STyled-sc-14fxku5-4 cceavO fSTSwW\">Cijene uklju\u010duju 25% PDV-a i informativnog su karaktera. Zadr\u017eavamo pravo izmjene cijena bez prethodne najave.<\/span><\/td>\n<\/tr>\n<\/tbody>\n<\/table>\n<\/div>\n<div class=\"flexTokens__FlexWrapper-sc-1jxq5qm-0 styled__FlexWrapperStyled-sc-14fxku5-1 dONFAe gWqFAv\">\n<p class=\"typography__RegularTextLevel2-sc-17h5z1x-5 kesVtB\">T\u00e9n\u00e9r\u00e9 700 Frozen Titanium<\/p>\n<\/div>\n<div class=\"flexTokens__FlexWrapper-sc-1jxq5qm-0 styled__PricingInfoTableWrapper-sc-14fxku5-2 iiNylT bRrUro\">\n<table class=\"styled__TableWrapperStyled-sc-1t4q4f8-0 inbZVp styled__BaseTableStyled-sc-14fxku5-3 jpBwgs\" aria-label=\"table\" data-testid=\"PricingInfoTable\">\n<thead class=\"styled__TableHeadStyled-sc-1t4q4f8-6 cGjKHo\">\n<tr class=\"styled__TableRowStyled-sc-1t4q4f8-4 khEXeL\">\n<td class=\"styled__TableCellStyled-sc-1t4q4f8-1 hPNhQO\"><span class=\"styled__HeaderCellStyled-sc-14fxku5-7 gAAqQl\">Snaga verzija<\/span><\/td>\n<td class=\"styled__TableCellStyled-sc-1t4q4f8-1 hPNhQO\"><span class=\"styled__HeaderCellStyled-sc-14fxku5-7 gAAqQl\">Prijenos<\/span><\/td>\n<td class=\"styled__TableCellStyled-sc-1t4q4f8-1 hPNhQO\"><span class=\"styled__HeaderCellStyled-sc-14fxku5-7 gAAqQl\">Sn\u00ed\u017een\u00e1 verze<\/span><\/td>\n<td class=\"styled__TableCellStyled-sc-1t4q4f8-1 hPNhQO\"><span class=\"styled__HeaderCellStyled-sc-14fxku5-7 gAAqQl\">Cijena<\/span><\/td>\n<\/tr>\n<\/thead>\n<tbody class=\"styled__TableBodyStyled-sc-1t4q4f8-5 blTJZn\">\n<tr class=\"styled__TableRowStyled-sc-1t4q4f8-4 khEXeL\">\n<td class=\"styled__TableCellStyled-sc-1t4q4f8-1 hPNhQO\"><span class=\"styled__DefaultCellStyled-sc-14fxku5-9 mhgdn\">Puna snaga<\/span><\/td>\n<td class=\"styled__TableCellStyled-sc-1t4q4f8-1 hPNhQO\"><span class=\"styled__DefaultCellStyled-sc-14fxku5-9 mhgdn\">N\/A<\/span><\/td>\n<td class=\"styled__TableCellStyled-sc-1t4q4f8-1 hPNhQO\"><span class=\"styled__DefaultCellStyled-sc-14fxku5-9 mhgdn\">Ne<\/span><\/td>\n<td class=\"styled__TableCellStyled-sc-1t4q4f8-1 hPNhQO\"><span class=\"styled__PriceStyled-sc-14fxku5-8 gILhBU\">12.199,00\u00a0\u20ac<\/span><\/td>\n<\/tr>\n<tr class=\"styled__TableRowStyled-sc-1t4q4f8-4 khEXeL\">\n<td class=\"styled__TableCellStyled-sc-1t4q4f8-1 dtagBs\" colspan=\"5\"><span class=\"typography__RegularTextLevel5-sc-17h5z1x-8 styled__RegularTextLevel5STyled-sc-14fxku5-4 cceavO fSTSwW\">Cijene uklju\u010duju 25% PDV-a i informativnog su karaktera. Zadr\u017eavamo pravo izmjene cijena bez prethodne najave.<\/span><\/td>\n<\/tr>\n<tr class=\"styled__TableRowStyled-sc-1t4q4f8-4 khEXeL\">\n<td class=\"styled__TableCellStyled-sc-1t4q4f8-1 hPNhQO\"><span class=\"styled__DefaultCellStyled-sc-14fxku5-9 mhgdn\">Puna snaga<\/span><\/td>\n<td class=\"styled__TableCellStyled-sc-1t4q4f8-1 hPNhQO\"><span class=\"styled__DefaultCellStyled-sc-14fxku5-9 mhgdn\">N\/A<\/span><\/td>\n<td class=\"styled__TableCellStyled-sc-1t4q4f8-1 hPNhQO\"><span class=\"styled__DefaultCellStyled-sc-14fxku5-9 mhgdn\">Da<\/span><\/td>\n<td class=\"styled__TableCellStyled-sc-1t4q4f8-1 hPNhQO\"><span class=\"styled__PriceStyled-sc-14fxku5-8 gILhBU\">12.199,00\u00a0\u20ac<\/span><\/td>\n<\/tr>\n<tr class=\"styled__TableRowStyled-sc-1t4q4f8-4 khEXeL\">\n<td class=\"styled__TableCellStyled-sc-1t4q4f8-1 dtagBs\" colspan=\"5\"><span class=\"typography__RegularTextLevel5-sc-17h5z1x-8 styled__RegularTextLevel5STyled-sc-14fxku5-4 cceavO fSTSwW\">Cijene uklju\u010duju 25% PDV-a i informativnog su karaktera. Zadr\u017eavamo pravo izmjene cijena bez prethodne najave.<\/span><\/td>\n<\/tr>\n<tr class=\"styled__TableRowStyled-sc-1t4q4f8-4 khEXeL\">\n<td class=\"styled__TableCellStyled-sc-1t4q4f8-1 hPNhQO\"><span class=\"styled__DefaultCellStyled-sc-14fxku5-9 mhgdn\">35 kW (A2 dozvola)<\/span><\/td>\n<td class=\"styled__TableCellStyled-sc-1t4q4f8-1 hPNhQO\"><span class=\"styled__DefaultCellStyled-sc-14fxku5-9 mhgdn\">N\/A<\/span><\/td>\n<td class=\"styled__TableCellStyled-sc-1t4q4f8-1 hPNhQO\"><span class=\"styled__DefaultCellStyled-sc-14fxku5-9 mhgdn\">Ne<\/span><\/td>\n<td class=\"styled__TableCellStyled-sc-1t4q4f8-1 hPNhQO\"><span class=\"styled__PriceStyled-sc-14fxku5-8 gILhBU\">12.199,00\u00a0\u20ac<\/span><\/td>\n<\/tr>\n<tr class=\"styled__TableRowStyled-sc-1t4q4f8-4 khEXeL\">\n<td class=\"styled__TableCellStyled-sc-1t4q4f8-1 dtagBs\" colspan=\"5\"><span class=\"typography__RegularTextLevel5-sc-17h5z1x-8 styled__RegularTextLevel5STyled-sc-14fxku5-4 cceavO fSTSwW\">Cijene uklju\u010duju 25% PDV-a i informativnog su karaktera. Zadr\u017eavamo pravo izmjene cijena bez prethodne najave.<\/span><\/td>\n<\/tr>\n<tr class=\"styled__TableRowStyled-sc-1t4q4f8-4 khEXeL\">\n<td class=\"styled__TableCellStyled-sc-1t4q4f8-1 hPNhQO\"><span class=\"styled__DefaultCellStyled-sc-14fxku5-9 mhgdn\">35 kW (A2 dozvola)<\/span><\/td>\n<td class=\"styled__TableCellStyled-sc-1t4q4f8-1 hPNhQO\"><span class=\"styled__DefaultCellStyled-sc-14fxku5-9 mhgdn\">N\/A<\/span><\/td>\n<td class=\"styled__TableCellStyled-sc-1t4q4f8-1 hPNhQO\"><span class=\"styled__DefaultCellStyled-sc-14fxku5-9 mhgdn\">Da<\/span><\/td>\n<td class=\"styled__TableCellStyled-sc-1t4q4f8-1 hPNhQO\"><span class=\"styled__PriceStyled-sc-14fxku5-8 gILhBU\">12.199,00\u00a0\u20ac<\/span><\/td>\n<\/tr>\n<tr class=\"styled__TableRowStyled-sc-1t4q4f8-4 khEXeL\">\n<td class=\"styled__TableCellStyled-sc-1t4q4f8-1 dtagBs\" colspan=\"5\"><span class=\"typography__RegularTextLevel5-sc-17h5z1x-8 styled__RegularTextLevel5STyled-sc-14fxku5-4 cceavO fSTSwW\">Cijene uklju\u010duju 25% PDV-a i informativnog su karaktera. Zadr\u017eavamo pravo izmjene cijena bez prethodne najave.<\/span><\/td>\n<\/tr>\n<\/tbody>\n<\/table>\n<\/div>\n<h5 id=\"specifikacije\">KRENITE PREMA SLJEDE\u0106EM OBZORU<\/h5>\n<p>Model T\u00e9n\u00e9r\u00e9 700 pogoni nagra\u0111ivani Yamahin CP2 agregat zapremnine 690 ccm, posebno ugo\u0111en i opremljen za ovaj model. Opremljen elektroni\u010dkim gasom YCC-T, T\u00e9n\u00e9r\u00e9 700 za 2025. predstavlja paket zna\u010dajki za prilagodbu iskustva vo\u017enje u svim uvjetima, uklju\u010duju\u0107i dva na\u010dina vo\u017enje, Sport i Explorer, koji vam daju mogu\u0107nost odabira najboljih svojstava snage i okretnog momenta koja zadovoljavaju potrebe va\u0161e vo\u017enje. ABS i TCS tako\u0111er se mogu isklju\u010diti kako biste mogli imati potpunu kontrolu, \u0161to je posebno korisno na neasfaltiranim povr\u0161inama. Nijedan drugi pustolovni motocikl ne pru\u017ea takvu holisti\u010dku ravnote\u017eu snage i nadzora \u2013 stroj za reli osmi\u0161ljen je da izdr\u017ei sve \u0161to se pred njim na\u0111e.<\/p>\n<p>Najnoviji \u010dvrsti \u010deli\u010dni okvir modela T\u00e9n\u00e9r\u00e9 700 robustan je, unaprije\u0111en i osmi\u0161ljen kako bi pru\u017eio upravljivu i zanimljivu vo\u017enju u razli\u010ditim okru\u017eenjima. Prilagodljivi visoki ovjes i veliki kota\u010di sa \u017ebicama pridonose velikom razmaku od tla i polo\u017eaju za vo\u017enju koji omogu\u0107uje izniman nadzor na cesti i van nje, bilo da odaberete stoje\u0107i ili sjede\u0107i polo\u017eaj. Dojmljiva i lagana karoserija oblikovana je za za\u0161titu od najlo\u0161ijih vremenskih uvjeta, a sveobuhvatna TFT instrumentna plo\u010da dijagonale 6,3 &#8221; pru\u017ea brz pregled svih bitnih podataka.<\/p>\n<h5 id=\"specifikacije\">ZNA\u010cAJKE<\/h5>\n<ul>\n<li>Najnoviji \u010detverotaktni CP2 motor za pogon EU5+ od 690ccm<\/li>\n<li>Uska i kompaktna karoserija, s ravnim sjedalom i preoblikovanim spremnikom goriva<\/li>\n<li>Lagani cijevasti \u010deli\u010dni okvir dvostrukih greda<\/li>\n<li>Potpuno podesive &#8220;upside down&#8221; vilice od 43 mm<\/li>\n<li>Daljinski podesiv stra\u017enji ovjes<\/li>\n<li>YCC-T elektroni\u010dki gas i na\u010dini vo\u017enje<\/li>\n<li>Abs i TCS mogu se isklju\u010diti pritiskom tipke<\/li>\n<li>21-in\u010dni \/ 18-in\u010dni kota\u010di sa \u017ebicama<\/li>\n<li>TFT zaslon u boji dijagonale 6,3 &#8221; s mogu\u0107no\u0161\u0107u povezivanja i navigacijom<\/li>\n<li>Nova intuitivna sklopka<\/li>\n<li>Dostupna je tvorni\u010dki sni\u017eena verzija (visina sjedala od 860 mm)<\/li>\n<\/ul>\n<h5><span style=\"color: #000000;\"><a style=\"color: #000000;\" href=\"https:\/\/yamaha-centar.hr\/wp-content\/uploads\/2024\/11\/2025-XTZ700_hr-HR.pdf\" target=\"_blank\" rel=\"noopener\">ZNA\u010cAJKE DETALJNO (PDF)<img loading=\"lazy\" decoding=\"async\" class=\"size-full wp-image-953 alignnone\" src=\"https:\/\/yamaha-centar.hr\/wp-content\/uploads\/2023\/12\/d-icon.png\" alt=\"\" width=\"20\" height=\"18\" \/><\/a><\/span><\/h5>\n<h5 id=\"specifikacije\">SPECIFIKACIJE<\/h5>\n<div class=\"responsive-tabs\">\n<h2 class=\"tabtitle\">Agregat<\/h2>\n<div class=\"tabcontent\">\n\n<p id=\"tabby\">Tip agregata: 4-takta, 2 &#8211; cilindara, Hla\u0111enje teku\u0107inom, DOHC, 4-ventila<br \/>\nZapremina: 689 ccm<br \/>\nProvrt x hod: 80,0 mm x 68,6 mm<br \/>\nOmjer kompresije: 11,5 : 1<br \/>\nMaksimalna snaga: 54,0 kW (73,4 KS) @ 9.000 o\/min<br \/>\nVerzija sa smanjenom snagom: 35,0 kW (47,6 KS) @ 8.000 o\/min<br \/>\nMaksimalan okretni moment: 68,0 Nm @ 6.500 o\/min<br \/>\nSustav podmazivanja: Mokri karter<br \/>\nTip kva\u010dila: Mokro, Vi\u0161estruki diskovi<br \/>\nSustav paljenja: TCI<br \/>\nSustav pokretanja: Elektri\u010dno<br \/>\nSustav prijenosa: Stalan otvor, 6-brzinski<br \/>\nZavr\u0161ni prijenos: Lanac<br \/>\nFuel consumption: 4,3 l \/ 100 km<br \/>\nCO2 emission: N\/A<br \/>\nRasplinja\u010d: Elektroni\u010dno ubrizgavanje goriva<\/p>\n\n<\/div><h2 class=\"tabtitle\">\u0160asija<\/h2>\n<div class=\"tabcontent\">\n\n<p id=\"tabby\">Okvir: dvostruke grede, \u010celi\u010dne cijevi<br \/>\nKut prednje vilice: 27\u00ba<br \/>\nPredtrag: 105 mm<br \/>\nSustav ovjesa sprijeda: Preokrenuta teleskopska vilica, \u00d8 43 mm<br \/>\nSustav ovjesa straga: link ovjes, Njihaju\u010da ruka<br \/>\nHod ovjesa sprijeda: Standard: 210 mm; Low: 190 mm<br \/>\nHod ovjesa straga: Standard: 200 mm; Low: 180 mm<br \/>\nPrednja ko\u010dnica: Hidrauli\u010dni dvostruki disk, \u00d8 282 mm<br \/>\nStra\u017enja ko\u010dnica: Hidrauli\u010dni jednostruki disk, \u00d8 245 mm<br \/>\nPrednja guma: 90\/90-21 M\/C 54V<br \/>\nStra\u017enja guma: 150\/70 R 18 M\/C 70V<\/p>\n\n<\/div><h2 class=\"tabtitle\">Dimenzije<\/h2>\n<div class=\"tabcontent\">\n\n<p id=\"tabby\">Ukupna du\u017eina: Standard: 2.370 mm; Low: 2.350 mm<br \/>\nUkupna \u0161irina: 935 mm<br \/>\nUkupna visina: Standard: 1.455 mm; Low: 1.440 mm<br \/>\nVisina sjedala: Standard: 875 mm; Low: 860 mm<br \/>\nMe\u0111uosovinski razmak: 1.595 mm<br \/>\nMinimalna udaljenost od tla: Standard: 240 mm; Low: 225 mm<br \/>\nTe\u017eina (s punim spremnikom ulja i goriva): 208 kg<br \/>\nKapacitet spremnika goriva: 16,0 l<br \/>\nKapacitet spremnika za ulje: 3 l<\/p>\n\n<\/div><h2 class=\"tabtitle\">Screen &amp; Connectivity<\/h2>\n<div class=\"tabcontent\">\n\n<p id=\"tabby\">Screen type: TFT<br \/>\nScreen size: 6.3 in\u010da<br \/>\nSmartphone Connectivity: MyRide<br \/>\nAdaptive Cruise Control: Ne<br \/>\nOn-screen Navigation: MyRide turn-by-turn<\/p>\n<\/div><\/div>\n<p><iframe loading=\"lazy\" title=\"2025 Yamaha T\u00e9n\u00e9r\u00e9 700: Chase the Next Horizon\" src=\"https:\/\/www.youtube.com\/embed\/1gzA2MgyErI\" width=\"809\" height=\"445\" frameborder=\"0\" allowfullscreen=\"allowfullscreen\"><\/iframe><\/p>\n","protected":false},"excerpt":{"rendered":"<p>T\u00e9n\u00e9r\u00e9 700 \/ 35kWCijena: 12.199 \u20ac Kada vozite T\u00e9n\u00e9r\u00e9 700, vozite legendu. Izra\u0111en je da bude \u010dvrst. Od novog prilagodljivog ovjesa do pomno promi\u0161ljenog polo\u017eaja za vo\u017enju i elektroni\u010dkih pomagala koja mo\u017eete isklju\u010diti kada je potrebno, ovaj motocikl mo\u017ee savladati bilo koji teren na kojem se nalazi. Lak\u0161i od konkurencije i uz agregat ugo\u0111en za [&hellip;]<\/p>\n","protected":false},"author":1,"featured_media":7700,"comment_status":"closed","ping_status":"open","sticky":false,"template":"","format":"standard","meta":{"_bbp_topic_count":0,"_bbp_reply_count":0,"_bbp_total_topic_count":0,"_bbp_total_reply_count":0,"_bbp_voice_count":0,"_bbp_anonymous_reply_count":0,"_bbp_topic_count_hidden":0,"_bbp_reply_count_hidden":0,"_bbp_forum_subforum_count":0,"footnotes":""},"categories":[34,322],"tags":[208,203,343,392,393,200],"class_list":["post-7699","post","type-post","status-publish","format-standard","has-post-thumbnail","hentry","category-adventure","category-motocikli-2025","tag-adventure","tag-motocikli","tag-motori","tag-tenere-700","tag-tenere-700-2025","tag-yamaha"],"yoast_head":"<!-- This site is optimized with the Yoast SEO plugin v23.0 - https:\/\/yoast.com\/wordpress\/plugins\/seo\/ -->\n<title>T\u00e9n\u00e9r\u00e9 700 2025 - Yamaha centar Zagreb<\/title>\n<meta name=\"robots\" content=\"index, follow, max-snippet:-1, max-image-preview:large, max-video-preview:-1\" \/>\n<link rel=\"canonical\" href=\"https:\/\/yamaha-centar.hr\/?p=7699\" \/>\n<meta property=\"og:locale\" content=\"hr_HR\" \/>\n<meta property=\"og:type\" content=\"article\" \/>\n<meta property=\"og:title\" content=\"T\u00e9n\u00e9r\u00e9 700 2025 - Yamaha centar Zagreb\" \/>\n<meta property=\"og:description\" content=\"T\u00e9n\u00e9r\u00e9 700 \/ 35kWCijena: 12.199 \u20ac Kada vozite T\u00e9n\u00e9r\u00e9 700, vozite legendu. Izra\u0111en je da bude \u010dvrst. Od novog prilagodljivog ovjesa do pomno promi\u0161ljenog polo\u017eaja za vo\u017enju i elektroni\u010dkih pomagala koja mo\u017eete isklju\u010diti kada je potrebno, ovaj motocikl mo\u017ee savladati bilo koji teren na kojem se nalazi. Lak\u0161i od konkurencije i uz agregat ugo\u0111en za [&hellip;]\" \/>\n<meta property=\"og:url\" content=\"https:\/\/yamaha-centar.hr\/?p=7699\" \/>\n<meta property=\"og:site_name\" content=\"Yamaha centar Zagreb\" \/>\n<meta property=\"article:published_time\" content=\"2024-11-06T10:34:18+00:00\" \/>\n<meta property=\"article:modified_time\" content=\"2025-11-08T14:54:29+00:00\" \/>\n<meta property=\"og:image\" content=\"https:\/\/yamaha-centar.hr\/wp-content\/uploads\/2024\/11\/2025-Yamaha-XTZ700-EU-Icon_Blue-360-Degrees-001-03.jpg\" \/>\n\t<meta property=\"og:image:width\" content=\"2000\" \/>\n\t<meta property=\"og:image:height\" content=\"1125\" \/>\n\t<meta property=\"og:image:type\" content=\"image\/jpeg\" \/>\n<meta name=\"author\" content=\"yamaha\" \/>\n<meta name=\"twitter:card\" content=\"summary_large_image\" \/>\n<meta name=\"twitter:label1\" content=\"Napisao\/la\" \/>\n\t<meta name=\"twitter:data1\" content=\"yamaha\" \/>\n\t<meta name=\"twitter:label2\" content=\"Procijenjeno vrijeme \u010ditanja\" \/>\n\t<meta name=\"twitter:data2\" content=\"5 minuta\" \/>\n<script type=\"application\/ld+json\" class=\"yoast-schema-graph\">{\"@context\":\"https:\/\/schema.org\",\"@graph\":[{\"@type\":\"Article\",\"@id\":\"https:\/\/yamaha-centar.hr\/?p=7699#article\",\"isPartOf\":{\"@id\":\"https:\/\/yamaha-centar.hr\/?p=7699\"},\"author\":{\"name\":\"yamaha\",\"@id\":\"https:\/\/yamaha-centar.hr\/#\/schema\/person\/1ef833a7ec3fed1b67987f2e91f66f13\"},\"headline\":\"T\u00e9n\u00e9r\u00e9 700 2025\",\"datePublished\":\"2024-11-06T10:34:18+00:00\",\"dateModified\":\"2025-11-08T14:54:29+00:00\",\"mainEntityOfPage\":{\"@id\":\"https:\/\/yamaha-centar.hr\/?p=7699\"},\"wordCount\":856,\"publisher\":{\"@id\":\"https:\/\/yamaha-centar.hr\/#organization\"},\"image\":{\"@id\":\"https:\/\/yamaha-centar.hr\/?p=7699#primaryimage\"},\"thumbnailUrl\":\"https:\/\/yamaha-centar.hr\/wp-content\/uploads\/2024\/11\/2025-Yamaha-XTZ700-EU-Icon_Blue-360-Degrees-001-03.jpg\",\"keywords\":[\"adventure\",\"motocikli\",\"motori\",\"Tenere 700\",\"Tenere 700 2025\",\"yamaha\"],\"articleSection\":[\"Adventure\",\"Motocikli 2025\"],\"inLanguage\":\"hr\"},{\"@type\":\"WebPage\",\"@id\":\"https:\/\/yamaha-centar.hr\/?p=7699\",\"url\":\"https:\/\/yamaha-centar.hr\/?p=7699\",\"name\":\"T\u00e9n\u00e9r\u00e9 700 2025 - Yamaha centar Zagreb\",\"isPartOf\":{\"@id\":\"https:\/\/yamaha-centar.hr\/#website\"},\"primaryImageOfPage\":{\"@id\":\"https:\/\/yamaha-centar.hr\/?p=7699#primaryimage\"},\"image\":{\"@id\":\"https:\/\/yamaha-centar.hr\/?p=7699#primaryimage\"},\"thumbnailUrl\":\"https:\/\/yamaha-centar.hr\/wp-content\/uploads\/2024\/11\/2025-Yamaha-XTZ700-EU-Icon_Blue-360-Degrees-001-03.jpg\",\"datePublished\":\"2024-11-06T10:34:18+00:00\",\"dateModified\":\"2025-11-08T14:54:29+00:00\",\"breadcrumb\":{\"@id\":\"https:\/\/yamaha-centar.hr\/?p=7699#breadcrumb\"},\"inLanguage\":\"hr\",\"potentialAction\":[{\"@type\":\"ReadAction\",\"target\":[\"https:\/\/yamaha-centar.hr\/?p=7699\"]}]},{\"@type\":\"ImageObject\",\"inLanguage\":\"hr\",\"@id\":\"https:\/\/yamaha-centar.hr\/?p=7699#primaryimage\",\"url\":\"https:\/\/yamaha-centar.hr\/wp-content\/uploads\/2024\/11\/2025-Yamaha-XTZ700-EU-Icon_Blue-360-Degrees-001-03.jpg\",\"contentUrl\":\"https:\/\/yamaha-centar.hr\/wp-content\/uploads\/2024\/11\/2025-Yamaha-XTZ700-EU-Icon_Blue-360-Degrees-001-03.jpg\",\"width\":2000,\"height\":1125},{\"@type\":\"BreadcrumbList\",\"@id\":\"https:\/\/yamaha-centar.hr\/?p=7699#breadcrumb\",\"itemListElement\":[{\"@type\":\"ListItem\",\"position\":1,\"name\":\"Naslovna\",\"item\":\"https:\/\/yamaha-centar.hr\/\"},{\"@type\":\"ListItem\",\"position\":2,\"name\":\"T\u00e9n\u00e9r\u00e9 700 2025\"}]},{\"@type\":\"WebSite\",\"@id\":\"https:\/\/yamaha-centar.hr\/#website\",\"url\":\"https:\/\/yamaha-centar.hr\/\",\"name\":\"Yamaha centar Zagreb\",\"description\":\"yamaha \/ motocikli \/ motori \/ skuteri \/ e-bicikli\",\"publisher\":{\"@id\":\"https:\/\/yamaha-centar.hr\/#organization\"},\"potentialAction\":[{\"@type\":\"SearchAction\",\"target\":{\"@type\":\"EntryPoint\",\"urlTemplate\":\"https:\/\/yamaha-centar.hr\/?s={search_term_string}\"},\"query-input\":\"required name=search_term_string\"}],\"inLanguage\":\"hr\"},{\"@type\":\"Organization\",\"@id\":\"https:\/\/yamaha-centar.hr\/#organization\",\"name\":\"Yamaha centar Zagreb\",\"url\":\"https:\/\/yamaha-centar.hr\/\",\"logo\":{\"@type\":\"ImageObject\",\"inLanguage\":\"hr\",\"@id\":\"https:\/\/yamaha-centar.hr\/#\/schema\/logo\/image\/\",\"url\":\"https:\/\/yamaha-centar.hr\/wp-content\/uploads\/2025\/02\/logo-nova-yamaha.jpg\",\"contentUrl\":\"https:\/\/yamaha-centar.hr\/wp-content\/uploads\/2025\/02\/logo-nova-yamaha.jpg\",\"width\":70,\"height\":70,\"caption\":\"Yamaha centar Zagreb\"},\"image\":{\"@id\":\"https:\/\/yamaha-centar.hr\/#\/schema\/logo\/image\/\"}},{\"@type\":\"Person\",\"@id\":\"https:\/\/yamaha-centar.hr\/#\/schema\/person\/1ef833a7ec3fed1b67987f2e91f66f13\",\"name\":\"yamaha\",\"image\":{\"@type\":\"ImageObject\",\"inLanguage\":\"hr\",\"@id\":\"https:\/\/yamaha-centar.hr\/#\/schema\/person\/image\/\",\"url\":\"https:\/\/secure.gravatar.com\/avatar\/15cf6ba994fae63801a90e29ac549544022c6e96ded59b4040f73ef057db0ef4?s=96&d=mm&r=g\",\"contentUrl\":\"https:\/\/secure.gravatar.com\/avatar\/15cf6ba994fae63801a90e29ac549544022c6e96ded59b4040f73ef057db0ef4?s=96&d=mm&r=g\",\"caption\":\"yamaha\"},\"sameAs\":[\"https:\/\/yamaha-centar.hr\"],\"url\":\"https:\/\/yamaha-centar.hr\/?author=1\"}]}<\/script>\n<!-- \/ Yoast SEO plugin. -->","yoast_head_json":{"title":"T\u00e9n\u00e9r\u00e9 700 2025 - Yamaha centar Zagreb","robots":{"index":"index","follow":"follow","max-snippet":"max-snippet:-1","max-image-preview":"max-image-preview:large","max-video-preview":"max-video-preview:-1"},"canonical":"https:\/\/yamaha-centar.hr\/?p=7699","og_locale":"hr_HR","og_type":"article","og_title":"T\u00e9n\u00e9r\u00e9 700 2025 - Yamaha centar Zagreb","og_description":"T\u00e9n\u00e9r\u00e9 700 \/ 35kWCijena: 12.199 \u20ac Kada vozite T\u00e9n\u00e9r\u00e9 700, vozite legendu. Izra\u0111en je da bude \u010dvrst. Od novog prilagodljivog ovjesa do pomno promi\u0161ljenog polo\u017eaja za vo\u017enju i elektroni\u010dkih pomagala koja mo\u017eete isklju\u010diti kada je potrebno, ovaj motocikl mo\u017ee savladati bilo koji teren na kojem se nalazi. Lak\u0161i od konkurencije i uz agregat ugo\u0111en za [&hellip;]","og_url":"https:\/\/yamaha-centar.hr\/?p=7699","og_site_name":"Yamaha centar Zagreb","article_published_time":"2024-11-06T10:34:18+00:00","article_modified_time":"2025-11-08T14:54:29+00:00","og_image":[{"width":2000,"height":1125,"url":"https:\/\/yamaha-centar.hr\/wp-content\/uploads\/2024\/11\/2025-Yamaha-XTZ700-EU-Icon_Blue-360-Degrees-001-03.jpg","type":"image\/jpeg"}],"author":"yamaha","twitter_card":"summary_large_image","twitter_misc":{"Napisao\/la":"yamaha","Procijenjeno vrijeme \u010ditanja":"5 minuta"},"schema":{"@context":"https:\/\/schema.org","@graph":[{"@type":"Article","@id":"https:\/\/yamaha-centar.hr\/?p=7699#article","isPartOf":{"@id":"https:\/\/yamaha-centar.hr\/?p=7699"},"author":{"name":"yamaha","@id":"https:\/\/yamaha-centar.hr\/#\/schema\/person\/1ef833a7ec3fed1b67987f2e91f66f13"},"headline":"T\u00e9n\u00e9r\u00e9 700 2025","datePublished":"2024-11-06T10:34:18+00:00","dateModified":"2025-11-08T14:54:29+00:00","mainEntityOfPage":{"@id":"https:\/\/yamaha-centar.hr\/?p=7699"},"wordCount":856,"publisher":{"@id":"https:\/\/yamaha-centar.hr\/#organization"},"image":{"@id":"https:\/\/yamaha-centar.hr\/?p=7699#primaryimage"},"thumbnailUrl":"https:\/\/yamaha-centar.hr\/wp-content\/uploads\/2024\/11\/2025-Yamaha-XTZ700-EU-Icon_Blue-360-Degrees-001-03.jpg","keywords":["adventure","motocikli","motori","Tenere 700","Tenere 700 2025","yamaha"],"articleSection":["Adventure","Motocikli 2025"],"inLanguage":"hr"},{"@type":"WebPage","@id":"https:\/\/yamaha-centar.hr\/?p=7699","url":"https:\/\/yamaha-centar.hr\/?p=7699","name":"T\u00e9n\u00e9r\u00e9 700 2025 - Yamaha centar Zagreb","isPartOf":{"@id":"https:\/\/yamaha-centar.hr\/#website"},"primaryImageOfPage":{"@id":"https:\/\/yamaha-centar.hr\/?p=7699#primaryimage"},"image":{"@id":"https:\/\/yamaha-centar.hr\/?p=7699#primaryimage"},"thumbnailUrl":"https:\/\/yamaha-centar.hr\/wp-content\/uploads\/2024\/11\/2025-Yamaha-XTZ700-EU-Icon_Blue-360-Degrees-001-03.jpg","datePublished":"2024-11-06T10:34:18+00:00","dateModified":"2025-11-08T14:54:29+00:00","breadcrumb":{"@id":"https:\/\/yamaha-centar.hr\/?p=7699#breadcrumb"},"inLanguage":"hr","potentialAction":[{"@type":"ReadAction","target":["https:\/\/yamaha-centar.hr\/?p=7699"]}]},{"@type":"ImageObject","inLanguage":"hr","@id":"https:\/\/yamaha-centar.hr\/?p=7699#primaryimage","url":"https:\/\/yamaha-centar.hr\/wp-content\/uploads\/2024\/11\/2025-Yamaha-XTZ700-EU-Icon_Blue-360-Degrees-001-03.jpg","contentUrl":"https:\/\/yamaha-centar.hr\/wp-content\/uploads\/2024\/11\/2025-Yamaha-XTZ700-EU-Icon_Blue-360-Degrees-001-03.jpg","width":2000,"height":1125},{"@type":"BreadcrumbList","@id":"https:\/\/yamaha-centar.hr\/?p=7699#breadcrumb","itemListElement":[{"@type":"ListItem","position":1,"name":"Naslovna","item":"https:\/\/yamaha-centar.hr\/"},{"@type":"ListItem","position":2,"name":"T\u00e9n\u00e9r\u00e9 700 2025"}]},{"@type":"WebSite","@id":"https:\/\/yamaha-centar.hr\/#website","url":"https:\/\/yamaha-centar.hr\/","name":"Yamaha centar Zagreb","description":"yamaha \/ motocikli \/ motori \/ skuteri \/ e-bicikli","publisher":{"@id":"https:\/\/yamaha-centar.hr\/#organization"},"potentialAction":[{"@type":"SearchAction","target":{"@type":"EntryPoint","urlTemplate":"https:\/\/yamaha-centar.hr\/?s={search_term_string}"},"query-input":"required name=search_term_string"}],"inLanguage":"hr"},{"@type":"Organization","@id":"https:\/\/yamaha-centar.hr\/#organization","name":"Yamaha centar Zagreb","url":"https:\/\/yamaha-centar.hr\/","logo":{"@type":"ImageObject","inLanguage":"hr","@id":"https:\/\/yamaha-centar.hr\/#\/schema\/logo\/image\/","url":"https:\/\/yamaha-centar.hr\/wp-content\/uploads\/2025\/02\/logo-nova-yamaha.jpg","contentUrl":"https:\/\/yamaha-centar.hr\/wp-content\/uploads\/2025\/02\/logo-nova-yamaha.jpg","width":70,"height":70,"caption":"Yamaha centar Zagreb"},"image":{"@id":"https:\/\/yamaha-centar.hr\/#\/schema\/logo\/image\/"}},{"@type":"Person","@id":"https:\/\/yamaha-centar.hr\/#\/schema\/person\/1ef833a7ec3fed1b67987f2e91f66f13","name":"yamaha","image":{"@type":"ImageObject","inLanguage":"hr","@id":"https:\/\/yamaha-centar.hr\/#\/schema\/person\/image\/","url":"https:\/\/secure.gravatar.com\/avatar\/15cf6ba994fae63801a90e29ac549544022c6e96ded59b4040f73ef057db0ef4?s=96&d=mm&r=g","contentUrl":"https:\/\/secure.gravatar.com\/avatar\/15cf6ba994fae63801a90e29ac549544022c6e96ded59b4040f73ef057db0ef4?s=96&d=mm&r=g","caption":"yamaha"},"sameAs":["https:\/\/yamaha-centar.hr"],"url":"https:\/\/yamaha-centar.hr\/?author=1"}]}},"rttpg_featured_image_url":{"full":["https:\/\/yamaha-centar.hr\/wp-content\/uploads\/2024\/11\/2025-Yamaha-XTZ700-EU-Icon_Blue-360-Degrees-001-03.jpg",2000,1125,false],"landscape":["https:\/\/yamaha-centar.hr\/wp-content\/uploads\/2024\/11\/2025-Yamaha-XTZ700-EU-Icon_Blue-360-Degrees-001-03.jpg",2000,1125,false],"portraits":["https:\/\/yamaha-centar.hr\/wp-content\/uploads\/2024\/11\/2025-Yamaha-XTZ700-EU-Icon_Blue-360-Degrees-001-03.jpg",2000,1125,false],"thumbnail":["https:\/\/yamaha-centar.hr\/wp-content\/uploads\/2024\/11\/2025-Yamaha-XTZ700-EU-Icon_Blue-360-Degrees-001-03-150x150.jpg",150,150,true],"medium":["https:\/\/yamaha-centar.hr\/wp-content\/uploads\/2024\/11\/2025-Yamaha-XTZ700-EU-Icon_Blue-360-Degrees-001-03-300x169.jpg",300,169,true],"large":["https:\/\/yamaha-centar.hr\/wp-content\/uploads\/2024\/11\/2025-Yamaha-XTZ700-EU-Icon_Blue-360-Degrees-001-03-1024x576.jpg",1024,576,true],"1536x1536":["https:\/\/yamaha-centar.hr\/wp-content\/uploads\/2024\/11\/2025-Yamaha-XTZ700-EU-Icon_Blue-360-Degrees-001-03-1536x864.jpg",1536,864,true],"2048x2048":["https:\/\/yamaha-centar.hr\/wp-content\/uploads\/2024\/11\/2025-Yamaha-XTZ700-EU-Icon_Blue-360-Degrees-001-03.jpg",2000,1125,false],"sow-carousel-default":["https:\/\/yamaha-centar.hr\/wp-content\/uploads\/2024\/11\/2025-Yamaha-XTZ700-EU-Icon_Blue-360-Degrees-001-03-272x182.jpg",272,182,true],"sow-recent-post":["https:\/\/yamaha-centar.hr\/wp-content\/uploads\/2024\/11\/2025-Yamaha-XTZ700-EU-Icon_Blue-360-Degrees-001-03-216x216.jpg",216,216,true],"rt_custom":["https:\/\/yamaha-centar.hr\/wp-content\/uploads\/2024\/11\/2025-Yamaha-XTZ700-EU-Icon_Blue-360-Degrees-001-03.jpg",2000,1125,false]},"rttpg_author":{"display_name":"yamaha","author_link":"https:\/\/yamaha-centar.hr\/?author=1"},"rttpg_comment":0,"rttpg_category":"<a href=\"https:\/\/yamaha-centar.hr\/?cat=34\" rel=\"category\">Adventure<\/a> <a href=\"https:\/\/yamaha-centar.hr\/?cat=322\" rel=\"category\">Motocikli 2025<\/a>","rttpg_excerpt":"T\u00e9n\u00e9r\u00e9 700 \/ 35kWCijena: 12.199 \u20ac Kada vozite T\u00e9n\u00e9r\u00e9 700, vozite legendu. Izra\u0111en je da bude \u010dvrst. Od novog prilagodljivog ovjesa do pomno promi\u0161ljenog polo\u017eaja za vo\u017enju i elektroni\u010dkih pomagala koja mo\u017eete isklju\u010diti kada je potrebno, ovaj motocikl mo\u017ee savladati bilo koji teren na kojem se nalazi. Lak\u0161i od konkurencije i uz agregat ugo\u0111en za&hellip;","_links":{"self":[{"href":"https:\/\/yamaha-centar.hr\/index.php?rest_route=\/wp\/v2\/posts\/7699","targetHints":{"allow":["GET"]}}],"collection":[{"href":"https:\/\/yamaha-centar.hr\/index.php?rest_route=\/wp\/v2\/posts"}],"about":[{"href":"https:\/\/yamaha-centar.hr\/index.php?rest_route=\/wp\/v2\/types\/post"}],"author":[{"embeddable":true,"href":"https:\/\/yamaha-centar.hr\/index.php?rest_route=\/wp\/v2\/users\/1"}],"replies":[{"embeddable":true,"href":"https:\/\/yamaha-centar.hr\/index.php?rest_route=%2Fwp%2Fv2%2Fcomments&post=7699"}],"version-history":[{"count":2,"href":"https:\/\/yamaha-centar.hr\/index.php?rest_route=\/wp\/v2\/posts\/7699\/revisions"}],"predecessor-version":[{"id":8398,"href":"https:\/\/yamaha-centar.hr\/index.php?rest_route=\/wp\/v2\/posts\/7699\/revisions\/8398"}],"wp:featuredmedia":[{"embeddable":true,"href":"https:\/\/yamaha-centar.hr\/index.php?rest_route=\/wp\/v2\/media\/7700"}],"wp:attachment":[{"href":"https:\/\/yamaha-centar.hr\/index.php?rest_route=%2Fwp%2Fv2%2Fmedia&parent=7699"}],"wp:term":[{"taxonomy":"category","embeddable":true,"href":"https:\/\/yamaha-centar.hr\/index.php?rest_route=%2Fwp%2Fv2%2Fcategories&post=7699"},{"taxonomy":"post_tag","embeddable":true,"href":"https:\/\/yamaha-centar.hr\/index.php?rest_route=%2Fwp%2Fv2%2Ftags&post=7699"}],"curies":[{"name":"wp","href":"https:\/\/api.w.org\/{rel}","templated":true}]}}