{"id":7039,"date":"2024-09-19T13:45:58","date_gmt":"2024-09-19T11:45:58","guid":{"rendered":"https:\/\/yamaha-centar.hr\/?p=7039"},"modified":"2025-11-08T15:55:54","modified_gmt":"2025-11-08T14:55:54","slug":"r1-gytr-2025","status":"publish","type":"post","link":"https:\/\/yamaha-centar.hr\/?p=7039","title":{"rendered":"R1 GYTR  2025"},"content":{"rendered":"<style type=\"text\/css\">\n#foogallery-gallery-7041 .fg-image { width: 120px; }<\/style>\n\t\t\t<div class=\"foogallery foogallery-container foogallery-carousel foogallery-lightbox-foogallery fg-carousel-hide-pagination fg-carousel fg-ready fg-light fg-border-thin fg-shadow-outline fg-loading-default fg-loaded-fade-in fg-caption-hover fg-hover-fade fg-hover-zoom\" id=\"foogallery-gallery-7041\" data-foogallery=\"{&quot;item&quot;:{&quot;showCaptionTitle&quot;:true,&quot;showCaptionDescription&quot;:true},&quot;lazy&quot;:true,&quot;template&quot;:{&quot;maxItems&quot;:8,&quot;scale&quot;:0.11999999999999999555910790149937383830547332763671875,&quot;gutter&quot;:{&quot;min&quot;:-40,&quot;max&quot;:-20,&quot;unit&quot;:&quot;%&quot;},&quot;autoplay&quot;:{&quot;time&quot;:0,&quot;interaction&quot;:&quot;pause&quot;},&quot;centerOnClick&quot;:false}}\" data-foogallery-lightbox=\"{&quot;thumbs&quot;:&quot;bottom&quot;,&quot;thumbsCaptions&quot;:false,&quot;thumbsBestFit&quot;:false,&quot;thumbsSmall&quot;:false,&quot;thumbsCaptionsAlign&quot;:&quot;default&quot;,&quot;info&quot;:&quot;bottom&quot;,&quot;infoVisible&quot;:true,&quot;infoOverlay&quot;:true,&quot;infoAlign&quot;:&quot;default&quot;,&quot;transition&quot;:&quot;fade&quot;,&quot;hoverButtons&quot;:false,&quot;fitMedia&quot;:false,&quot;noScrollbars&quot;:true,&quot;preserveButtonSpace&quot;:true,&quot;buttons&quot;:{&quot;fullscreen&quot;:true,&quot;info&quot;:true,&quot;thumbs&quot;:false},&quot;video&quot;:{&quot;autoPlay&quot;:true}}\" style=\"--fg-title-line-clamp: 0; --fg-description-line-clamp: 0;\" >\n\t<button type=\"button\" class=\"fg-carousel-prev\"><\/button>\n\t<div class=\"fg-carousel-inner\">\n\t\t<div class=\"fg-carousel-center\"><\/div>\n\t\t<div class=\"fg-item fg-type-image fg-idle\"><figure class=\"fg-item-inner\"><a href=\"https:\/\/yamaha-centar.hr\/wp-content\/uploads\/2024\/09\/2025-Yamaha-YZF1000R1GYTR-EU-Primer_Black-360-Degrees-002-03.jpg\" data-attachment-id=\"7042\" data-type=\"image\" class=\"fg-thumb\"><span class=\"fg-image-wrap\"><img decoding=\"async\" width=\"120\" height=\"80\" class=\"skip-lazy fg-image\" data-src-fg=\"https:\/\/yamaha-centar.hr\/wp-content\/uploads\/cache\/2024\/09\/2025-Yamaha-YZF1000R1GYTR-EU-Primer_Black-360-Degrees-002-03\/3201992521.jpg\" src=\"data:image\/svg+xml,%3Csvg%20xmlns%3D%22http%3A%2F%2Fwww.w3.org%2F2000%2Fsvg%22%20width%3D%22120%22%20height%3D%2280%22%20viewBox%3D%220%200%20120%2080%22%3E%3C%2Fsvg%3E\" loading=\"eager\"><\/span><span class=\"fg-image-overlay\"><\/span><\/a><\/figure><div class=\"fg-loader\"><\/div><\/div><div class=\"fg-item fg-type-image fg-idle\"><figure class=\"fg-item-inner\"><a href=\"https:\/\/yamaha-centar.hr\/wp-content\/uploads\/2024\/09\/2025-Yamaha-YZF1000R1GYTR-EU-Primer_Black-Action-001-03.jpg\" data-attachment-id=\"7043\" data-type=\"image\" class=\"fg-thumb\"><span class=\"fg-image-wrap\"><img decoding=\"async\" width=\"120\" height=\"80\" class=\"skip-lazy fg-image\" data-src-fg=\"https:\/\/yamaha-centar.hr\/wp-content\/uploads\/cache\/2024\/09\/2025-Yamaha-YZF1000R1GYTR-EU-Primer_Black-Action-001-03\/3478596872.jpg\" src=\"data:image\/svg+xml,%3Csvg%20xmlns%3D%22http%3A%2F%2Fwww.w3.org%2F2000%2Fsvg%22%20width%3D%22120%22%20height%3D%2280%22%20viewBox%3D%220%200%20120%2080%22%3E%3C%2Fsvg%3E\" loading=\"eager\"><\/span><span class=\"fg-image-overlay\"><\/span><\/a><\/figure><div class=\"fg-loader\"><\/div><\/div><div class=\"fg-item fg-type-image fg-idle\"><figure class=\"fg-item-inner\"><a href=\"https:\/\/yamaha-centar.hr\/wp-content\/uploads\/2024\/09\/2025-Yamaha-YZF1000R1GYTR-EU-Primer_Black-Action-002-03.jpg\" data-attachment-id=\"7044\" data-type=\"image\" class=\"fg-thumb\"><span class=\"fg-image-wrap\"><img decoding=\"async\" width=\"120\" height=\"80\" class=\"skip-lazy fg-image\" data-src-fg=\"https:\/\/yamaha-centar.hr\/wp-content\/uploads\/cache\/2024\/09\/2025-Yamaha-YZF1000R1GYTR-EU-Primer_Black-Action-002-03\/3390336584.jpg\" src=\"data:image\/svg+xml,%3Csvg%20xmlns%3D%22http%3A%2F%2Fwww.w3.org%2F2000%2Fsvg%22%20width%3D%22120%22%20height%3D%2280%22%20viewBox%3D%220%200%20120%2080%22%3E%3C%2Fsvg%3E\" loading=\"eager\"><\/span><span class=\"fg-image-overlay\"><\/span><\/a><\/figure><div class=\"fg-loader\"><\/div><\/div><div class=\"fg-item fg-type-image fg-idle\"><figure class=\"fg-item-inner\"><a href=\"https:\/\/yamaha-centar.hr\/wp-content\/uploads\/2024\/09\/2025-Yamaha-YZF1000R1GYTR-EU-Primer_Black-Action-003-03.jpg\" data-attachment-id=\"7045\" data-type=\"image\" class=\"fg-thumb\"><span class=\"fg-image-wrap\"><img decoding=\"async\" width=\"120\" height=\"80\" class=\"skip-lazy fg-image\" data-src-fg=\"https:\/\/yamaha-centar.hr\/wp-content\/uploads\/cache\/2024\/09\/2025-Yamaha-YZF1000R1GYTR-EU-Primer_Black-Action-003-03\/2087369864.jpg\" src=\"data:image\/svg+xml,%3Csvg%20xmlns%3D%22http%3A%2F%2Fwww.w3.org%2F2000%2Fsvg%22%20width%3D%22120%22%20height%3D%2280%22%20viewBox%3D%220%200%20120%2080%22%3E%3C%2Fsvg%3E\" loading=\"eager\"><\/span><span class=\"fg-image-overlay\"><\/span><\/a><\/figure><div class=\"fg-loader\"><\/div><\/div><div class=\"fg-item fg-type-image fg-idle\"><figure class=\"fg-item-inner\"><a href=\"https:\/\/yamaha-centar.hr\/wp-content\/uploads\/2024\/09\/2025-Yamaha-YZF1000R1GYTR-EU-Primer_Black-Static-001-03.jpg\" data-attachment-id=\"7046\" data-type=\"image\" class=\"fg-thumb\"><span class=\"fg-image-wrap\"><img decoding=\"async\" width=\"120\" height=\"80\" class=\"skip-lazy fg-image\" data-src-fg=\"https:\/\/yamaha-centar.hr\/wp-content\/uploads\/cache\/2024\/09\/2025-Yamaha-YZF1000R1GYTR-EU-Primer_Black-Static-001-03\/2940953561.jpg\" src=\"data:image\/svg+xml,%3Csvg%20xmlns%3D%22http%3A%2F%2Fwww.w3.org%2F2000%2Fsvg%22%20width%3D%22120%22%20height%3D%2280%22%20viewBox%3D%220%200%20120%2080%22%3E%3C%2Fsvg%3E\" loading=\"eager\"><\/span><span class=\"fg-image-overlay\"><\/span><\/a><\/figure><div class=\"fg-loader\"><\/div><\/div><div class=\"fg-item fg-type-image fg-idle\"><figure class=\"fg-item-inner\"><a href=\"https:\/\/yamaha-centar.hr\/wp-content\/uploads\/2024\/09\/2025-Yamaha-YZF1000R1GYTR-EU-Primer_Black-Static-002-03.jpg\" data-attachment-id=\"7047\" data-type=\"image\" class=\"fg-thumb\"><span class=\"fg-image-wrap\"><img decoding=\"async\" width=\"120\" height=\"80\" class=\"skip-lazy fg-image\" data-src-fg=\"https:\/\/yamaha-centar.hr\/wp-content\/uploads\/cache\/2024\/09\/2025-Yamaha-YZF1000R1GYTR-EU-Primer_Black-Static-002-03\/1096354008.jpg\" src=\"data:image\/svg+xml,%3Csvg%20xmlns%3D%22http%3A%2F%2Fwww.w3.org%2F2000%2Fsvg%22%20width%3D%22120%22%20height%3D%2280%22%20viewBox%3D%220%200%20120%2080%22%3E%3C%2Fsvg%3E\" loading=\"eager\"><\/span><span class=\"fg-image-overlay\"><\/span><\/a><\/figure><div class=\"fg-loader\"><\/div><\/div><div class=\"fg-item fg-type-image fg-idle\"><figure class=\"fg-item-inner\"><a href=\"https:\/\/yamaha-centar.hr\/wp-content\/uploads\/2024\/09\/2025-Yamaha-YZF1000R1GYTR-EU-Primer_Black-Static-003-03.jpg\" data-attachment-id=\"7048\" data-type=\"image\" class=\"fg-thumb\"><span class=\"fg-image-wrap\"><img decoding=\"async\" width=\"120\" height=\"80\" class=\"skip-lazy fg-image\" data-src-fg=\"https:\/\/yamaha-centar.hr\/wp-content\/uploads\/cache\/2024\/09\/2025-Yamaha-YZF1000R1GYTR-EU-Primer_Black-Static-003-03\/353670875.jpg\" src=\"data:image\/svg+xml,%3Csvg%20xmlns%3D%22http%3A%2F%2Fwww.w3.org%2F2000%2Fsvg%22%20width%3D%22120%22%20height%3D%2280%22%20viewBox%3D%220%200%20120%2080%22%3E%3C%2Fsvg%3E\" loading=\"eager\"><\/span><span class=\"fg-image-overlay\"><\/span><\/a><\/figure><div class=\"fg-loader\"><\/div><\/div><div class=\"fg-item fg-type-image fg-idle\"><figure class=\"fg-item-inner\"><a href=\"https:\/\/yamaha-centar.hr\/wp-content\/uploads\/2024\/09\/2025-Yamaha-YZF1000R1GYTR-EU-Primer_Black-Studio-002-03.jpg\" data-attachment-id=\"7049\" data-type=\"image\" class=\"fg-thumb\"><span class=\"fg-image-wrap\"><img decoding=\"async\" width=\"120\" height=\"80\" class=\"skip-lazy fg-image\" data-src-fg=\"https:\/\/yamaha-centar.hr\/wp-content\/uploads\/cache\/2024\/09\/2025-Yamaha-YZF1000R1GYTR-EU-Primer_Black-Studio-002-03\/3569745820.jpg\" src=\"data:image\/svg+xml,%3Csvg%20xmlns%3D%22http%3A%2F%2Fwww.w3.org%2F2000%2Fsvg%22%20width%3D%22120%22%20height%3D%2280%22%20viewBox%3D%220%200%20120%2080%22%3E%3C%2Fsvg%3E\" loading=\"eager\"><\/span><span class=\"fg-image-overlay\"><\/span><\/a><\/figure><div class=\"fg-loader\"><\/div><\/div><div class=\"fg-item fg-type-image fg-idle\"><figure class=\"fg-item-inner\"><a href=\"https:\/\/yamaha-centar.hr\/wp-content\/uploads\/2024\/09\/2025-Yamaha-YZF1000R1GYTR-EU-Primer_Black-Studio-004-03.jpg\" data-attachment-id=\"7050\" data-type=\"image\" class=\"fg-thumb\"><span class=\"fg-image-wrap\"><img decoding=\"async\" width=\"120\" height=\"80\" class=\"skip-lazy fg-image\" data-src-fg=\"https:\/\/yamaha-centar.hr\/wp-content\/uploads\/cache\/2024\/09\/2025-Yamaha-YZF1000R1GYTR-EU-Primer_Black-Studio-004-03\/1117105232.jpg\" src=\"data:image\/svg+xml,%3Csvg%20xmlns%3D%22http%3A%2F%2Fwww.w3.org%2F2000%2Fsvg%22%20width%3D%22120%22%20height%3D%2280%22%20viewBox%3D%220%200%20120%2080%22%3E%3C%2Fsvg%3E\" loading=\"eager\"><\/span><span class=\"fg-image-overlay\"><\/span><\/a><\/figure><div class=\"fg-loader\"><\/div><\/div><div class=\"fg-item fg-type-image fg-idle\"><figure class=\"fg-item-inner\"><a href=\"https:\/\/yamaha-centar.hr\/wp-content\/uploads\/2024\/09\/2025-Yamaha-YZF1000R1GYTR-EU-Primer_Black-Studio-006-03.jpg\" data-attachment-id=\"7051\" data-type=\"image\" class=\"fg-thumb\"><span class=\"fg-image-wrap\"><img decoding=\"async\" width=\"120\" height=\"80\" class=\"skip-lazy fg-image\" data-src-fg=\"https:\/\/yamaha-centar.hr\/wp-content\/uploads\/cache\/2024\/09\/2025-Yamaha-YZF1000R1GYTR-EU-Primer_Black-Studio-006-03\/1829312657.jpg\" src=\"data:image\/svg+xml,%3Csvg%20xmlns%3D%22http%3A%2F%2Fwww.w3.org%2F2000%2Fsvg%22%20width%3D%22120%22%20height%3D%2280%22%20viewBox%3D%220%200%20120%2080%22%3E%3C%2Fsvg%3E\" loading=\"eager\"><\/span><span class=\"fg-image-overlay\"><\/span><\/a><\/figure><div class=\"fg-loader\"><\/div><\/div><div class=\"fg-item fg-type-image fg-idle\"><figure class=\"fg-item-inner\"><a href=\"https:\/\/yamaha-centar.hr\/wp-content\/uploads\/2024\/09\/2025-Yamaha-YZF1000R1GYTR-EU-Primer_Black-Studio-007-03.jpg\" data-attachment-id=\"7052\" data-type=\"image\" class=\"fg-thumb\"><span class=\"fg-image-wrap\"><img decoding=\"async\" width=\"120\" height=\"80\" class=\"skip-lazy fg-image\" data-src-fg=\"https:\/\/yamaha-centar.hr\/wp-content\/uploads\/cache\/2024\/09\/2025-Yamaha-YZF1000R1GYTR-EU-Primer_Black-Studio-007-03\/882364497.jpg\" src=\"data:image\/svg+xml,%3Csvg%20xmlns%3D%22http%3A%2F%2Fwww.w3.org%2F2000%2Fsvg%22%20width%3D%22120%22%20height%3D%2280%22%20viewBox%3D%220%200%20120%2080%22%3E%3C%2Fsvg%3E\" loading=\"eager\"><\/span><span class=\"fg-image-overlay\"><\/span><\/a><\/figure><div class=\"fg-loader\"><\/div><\/div><div class=\"fg-item fg-type-image fg-idle\"><figure class=\"fg-item-inner\"><a href=\"https:\/\/yamaha-centar.hr\/wp-content\/uploads\/2024\/09\/2025-Yamaha-YZF1000R1GYTR-EU-Primer_Black-Studio-008-03.jpg\" data-attachment-id=\"7053\" data-type=\"image\" class=\"fg-thumb\"><span class=\"fg-image-wrap\"><img decoding=\"async\" width=\"120\" height=\"80\" class=\"skip-lazy fg-image\" data-src-fg=\"https:\/\/yamaha-centar.hr\/wp-content\/uploads\/cache\/2024\/09\/2025-Yamaha-YZF1000R1GYTR-EU-Primer_Black-Studio-008-03\/3500091799.jpg\" src=\"data:image\/svg+xml,%3Csvg%20xmlns%3D%22http%3A%2F%2Fwww.w3.org%2F2000%2Fsvg%22%20width%3D%22120%22%20height%3D%2280%22%20viewBox%3D%220%200%20120%2080%22%3E%3C%2Fsvg%3E\" loading=\"eager\"><\/span><span class=\"fg-image-overlay\"><\/span><\/a><\/figure><div class=\"fg-loader\"><\/div><\/div>\t<\/div>\n\t<div class=\"fg-carousel-bottom\"><\/div>\n\t<div class=\"fg-carousel-progress\"><\/div>\n\t<button type=\"button\" class=\"fg-carousel-next\"><\/button>\n<\/div><style type=\"text\/css\">#foogallery-gallery-7041 { margin-bottom: 45px; }<\/style>\n<h5>R1 GYTR<span id=\"cijenaupit\"><a href=\"https:\/\/yamaha-centar.hr\/?page_id=673\" target=\"_blank\" rel=\"noopener\"> Cijena na upit <img loading=\"lazy\" decoding=\"async\" id=\"mailicona\" class=\"alignnone size-full wp-image-5644\" src=\"https:\/\/yamaha-centar.hr\/wp-content\/uploads\/2024\/03\/mail_icon.jpg\" alt=\"\" width=\"18\" height=\"14\" \/><\/a><\/span><\/h5>\n<p>Potpuno opremljen sveobuhvatnom ponudom agregata, podvozja i trka\u0107e elektroni\u010dke tehnologije, novi R1 GYTR pru\u017ea svakom voza\u010du i trka\u010du na stazi najbolju osnovu za stvaranje vlastitog trka\u0107eg stroja iz snova, a dostupan je putem mre\u017ee GYTR PRO Shops. Uz specifikaciju spremnu za utrke, testiranu i razvijenu na Yamahinim trka\u0107im motociklima koji su pobje\u0111ivali na prvenstvu WorldSBK\u00ae, ovaj stroj istinski mijenja pravila igre.<\/p>\n<h5 id=\"specifikacije\">R1 GYTR: POGONJEN ZA UTRKIVANJE<\/h5>\n<p>R1 GYTR ima izvanredan 4-cilindri\u010dni CP4 agregat neravnomjernog rasporeda paljenja zapremnine 998 ccm koji je izravni potomak M1 trka\u0107eg motocikla koji je pobje\u0111ivao na natjecanjima za Veliku nagradu. Njegov neravnomjeran slijed paljenja pru\u017ea linearni okretni moment za izvanredne performanse i visoku razinu vu\u010de stra\u017enjeg kota\u010da \u2013 zajedno sa slo\u017eenim modulom ECU marke GYTR koji se mo\u017ee programirati \u2013 omogu\u0107uje vam da jo\u0161 ja\u010de potegnete do ciljne zastavice.<\/p>\n<p>GYTR je marka originalne Yamahine tehnologije za utrke, \u0161to zna\u010di da je svaki dio razvila mom\u010dad profesionalnih trka\u010dkih tehni\u010dara. Novi R1 GYTR potpuno je pripremljeni superbike samo za stazu koji vam se isporu\u010duje u trka\u0107im specifikacijama. Opremljen pametno osmi\u0161ljenim paketom potrebnih dijelova za trka\u0107u stazu i komponentama za pobolj\u0161anje performansi, ovaj trka\u0107i stroj spreman je odvesti vas na vi\u0161u razinu.<\/p>\n<h5 id=\"specifikacije\">ZNA\u010cAJKE<\/h5>\n<ul>\n<li>Novi oklop marke GYTR s krilcima nadahnutim MotoGP-om koja stvaraju potisnu silu prema dolje<\/li>\n<li>Nova generacija prednjih vilica KYB<\/li>\n<li>Nova, u\u010dinkovita prednja ko\u010dnica marke Brembo<\/li>\n<li>Lagani motor CP4 visokih performansi<\/li>\n<li>Trka\u010dki ispu\u0161ni top marke Akrapovic sa sustavom sredi\u0161njeg amortizera<\/li>\n<li>Elektronski paket GYTR<\/li>\n<li>Dijelovi podvozja marke GYTR<\/li>\n<li>GYTR pogonski sustav<\/li>\n<li>Kompaktni Deltabox okvir i lagani podokvir od magnezija<\/li>\n<li>Elektroni\u010dki gas APSG<\/li>\n<li>Uzdignuta re\u0161etkasta stra\u017enja vilica od aluminija \/ stra\u017enji okvir od magnezija<\/li>\n<\/ul>\n<h5><span style=\"color: #000000;\"><a style=\"color: #000000;\" href=\"https:\/\/yamaha-centar.hr\/wp-content\/uploads\/2024\/09\/2025-YZF1000R1GYTR_hr-HR.pdf\" target=\"_blank\" rel=\"noopener\">ZNA\u010cAJKE DETALJNO (PDF)<img loading=\"lazy\" decoding=\"async\" class=\"size-full wp-image-953 alignnone\" src=\"https:\/\/yamaha-centar.hr\/wp-content\/uploads\/2023\/12\/d-icon.png\" alt=\"\" width=\"20\" height=\"18\" \/><\/a><\/span><\/h5>\n<h5 id=\"specifikacije\">SPECIFIKACIJE<\/h5>\n<div class=\"responsive-tabs\">\n<h2 class=\"tabtitle\">Agregat<\/h2>\n<div class=\"tabcontent\">\n\n<p id=\"tabby\">Tip agregata: 4-takta, Hla\u0111enje teku\u0107inom, 4- cilindarski, DOHC, 4-ventila<br \/>\nZapremina: 998 ccm<br \/>\nProvrt x hod: 79,0 mm x 50,9 mm<br \/>\nOmjer kompresije: 13,0 : 1<br \/>\nSustav podmazivanja: Mokri karter<br \/>\nTip kva\u010dila: Mokro, Vi\u0161estruki diskovi<br \/>\nSustav paljenja: TCI<br \/>\nSustav pokretanja: Elektri\u010dno<br \/>\nSustav prijenosa: Stalan otvor, 6-brzinski<br \/>\nZavr\u0161ni prijenos: Lanac<br \/>\nRasplinja\u010d: Ubrizgavanje goriva<\/p>\n\n<\/div><h2 class=\"tabtitle\">\u0160asija<\/h2>\n<div class=\"tabcontent\">\n\n<p id=\"tabby\">Okvir: Aluminijski Deltabox, Dijamant<br \/>\nKut prednje vilice: 24\u00b000<br \/>\nPredtrag: 102 mm<br \/>\nSustav ovjesa sprijeda: Teleskopska vilica<br \/>\nSustav ovjesa straga: link ovjes, Njihaju\u010da ruka<br \/>\nHod ovjesa sprijeda: 120 mm<br \/>\nHod ovjesa straga: 120 mm<br \/>\nPrednja ko\u010dnica: Hidrauli\u010dni dvostruki diskovi, \u00d8 320 mm<br \/>\nStra\u017enja ko\u010dnica: Hidrauli\u010dni jednostruki disk, \u00d8 220 mm<br \/>\nPrednja guma: 120\/70ZR17M\/C (58W) bez unutarnje gume<br \/>\nStra\u017enja guma: 190\/55ZR17M\/C (75W) bez unutarnje gume<\/p>\n\n<\/div><h2 class=\"tabtitle\">Dimenzije<\/h2>\n<div class=\"tabcontent\">\n\n<p id=\"tabby\">Ukupna du\u017eina: 2.055 mm<br \/>\nUkupna \u0161irina: 690 mm<br \/>\nUkupna visina: 1.165 mm<br \/>\nVisina sjedala: 855 mm<br \/>\nMe\u0111uosovinski razmak: 1.405 mm<br \/>\nMinimalna udaljenost od tla: 130 mm<br \/>\nTe\u017eina (s punim spremnikom ulja i goriva): 201 kg<br \/>\nKapacitet spremnika goriva: 17,0 l<br \/>\nKapacitet spremnika za ulje: 4,9 l<\/p>\n<\/div><\/div>\n<p><iframe loading=\"lazy\" title=\"2025 Yamaha R1 GYTR: Powered to Race\" src=\"https:\/\/www.youtube.com\/embed\/W_Mo3h89fUM\" width=\"809\" height=\"448\" frameborder=\"0\" allowfullscreen=\"allowfullscreen\"><\/iframe><\/p>\n","protected":false},"excerpt":{"rendered":"<p>R1 GYTR Cijena na upit Potpuno opremljen sveobuhvatnom ponudom agregata, podvozja i trka\u0107e elektroni\u010dke tehnologije, novi R1 GYTR pru\u017ea svakom voza\u010du i trka\u010du na stazi najbolju osnovu za stvaranje vlastitog trka\u0107eg stroja iz snova, a dostupan je putem mre\u017ee GYTR PRO Shops. Uz specifikaciju spremnu za utrke, testiranu i razvijenu na Yamahinim trka\u0107im motociklima koji [&hellip;]<\/p>\n","protected":false},"author":1,"featured_media":7042,"comment_status":"closed","ping_status":"open","sticky":false,"template":"","format":"standard","meta":{"_bbp_topic_count":0,"_bbp_reply_count":0,"_bbp_total_topic_count":0,"_bbp_total_reply_count":0,"_bbp_voice_count":0,"_bbp_anonymous_reply_count":0,"_bbp_topic_count_hidden":0,"_bbp_reply_count_hidden":0,"_bbp_forum_subforum_count":0,"footnotes":""},"categories":[322,35],"tags":[318,362,200,361],"class_list":["post-7039","post","type-post","status-publish","format-standard","has-post-thumbnail","hentry","category-motocikli-2025","category-supersport","tag-r1","tag-r1-2025","tag-yamaha","tag-yamaha-r1-gytr"],"yoast_head":"<!-- This site is optimized with the Yoast SEO plugin v23.0 - https:\/\/yoast.com\/wordpress\/plugins\/seo\/ -->\n<title>R1 GYTR 2025 - Yamaha centar Zagreb<\/title>\n<meta name=\"robots\" content=\"index, follow, max-snippet:-1, max-image-preview:large, max-video-preview:-1\" \/>\n<link rel=\"canonical\" href=\"https:\/\/yamaha-centar.hr\/?p=7039\" \/>\n<meta property=\"og:locale\" content=\"hr_HR\" \/>\n<meta property=\"og:type\" content=\"article\" \/>\n<meta property=\"og:title\" content=\"R1 GYTR 2025 - Yamaha centar Zagreb\" \/>\n<meta property=\"og:description\" content=\"R1 GYTR Cijena na upit Potpuno opremljen sveobuhvatnom ponudom agregata, podvozja i trka\u0107e elektroni\u010dke tehnologije, novi R1 GYTR pru\u017ea svakom voza\u010du i trka\u010du na stazi najbolju osnovu za stvaranje vlastitog trka\u0107eg stroja iz snova, a dostupan je putem mre\u017ee GYTR PRO Shops. Uz specifikaciju spremnu za utrke, testiranu i razvijenu na Yamahinim trka\u0107im motociklima koji [&hellip;]\" \/>\n<meta property=\"og:url\" content=\"https:\/\/yamaha-centar.hr\/?p=7039\" \/>\n<meta property=\"og:site_name\" content=\"Yamaha centar Zagreb\" \/>\n<meta property=\"article:published_time\" content=\"2024-09-19T11:45:58+00:00\" \/>\n<meta property=\"article:modified_time\" content=\"2025-11-08T14:55:54+00:00\" \/>\n<meta property=\"og:image\" content=\"https:\/\/yamaha-centar.hr\/wp-content\/uploads\/2024\/09\/2025-Yamaha-YZF1000R1GYTR-EU-Primer_Black-360-Degrees-002-03.jpg\" \/>\n\t<meta property=\"og:image:width\" content=\"2000\" \/>\n\t<meta property=\"og:image:height\" content=\"1125\" \/>\n\t<meta property=\"og:image:type\" content=\"image\/jpeg\" \/>\n<meta name=\"author\" content=\"yamaha\" \/>\n<meta name=\"twitter:card\" content=\"summary_large_image\" \/>\n<meta name=\"twitter:label1\" content=\"Napisao\/la\" \/>\n\t<meta name=\"twitter:data1\" content=\"yamaha\" \/>\n\t<meta name=\"twitter:label2\" content=\"Procijenjeno vrijeme \u010ditanja\" \/>\n\t<meta name=\"twitter:data2\" content=\"4 minute\" \/>\n<script type=\"application\/ld+json\" class=\"yoast-schema-graph\">{\"@context\":\"https:\/\/schema.org\",\"@graph\":[{\"@type\":\"Article\",\"@id\":\"https:\/\/yamaha-centar.hr\/?p=7039#article\",\"isPartOf\":{\"@id\":\"https:\/\/yamaha-centar.hr\/?p=7039\"},\"author\":{\"name\":\"yamaha\",\"@id\":\"https:\/\/yamaha-centar.hr\/#\/schema\/person\/1ef833a7ec3fed1b67987f2e91f66f13\"},\"headline\":\"R1 GYTR 2025\",\"datePublished\":\"2024-09-19T11:45:58+00:00\",\"dateModified\":\"2025-11-08T14:55:54+00:00\",\"mainEntityOfPage\":{\"@id\":\"https:\/\/yamaha-centar.hr\/?p=7039\"},\"wordCount\":483,\"publisher\":{\"@id\":\"https:\/\/yamaha-centar.hr\/#organization\"},\"image\":{\"@id\":\"https:\/\/yamaha-centar.hr\/?p=7039#primaryimage\"},\"thumbnailUrl\":\"https:\/\/yamaha-centar.hr\/wp-content\/uploads\/2024\/09\/2025-Yamaha-YZF1000R1GYTR-EU-Primer_Black-360-Degrees-002-03.jpg\",\"keywords\":[\"R1\",\"R1 2025\",\"yamaha\",\"yamaha R1 GYTR\"],\"articleSection\":[\"Motocikli 2025\",\"Supersport\"],\"inLanguage\":\"hr\"},{\"@type\":\"WebPage\",\"@id\":\"https:\/\/yamaha-centar.hr\/?p=7039\",\"url\":\"https:\/\/yamaha-centar.hr\/?p=7039\",\"name\":\"R1 GYTR 2025 - Yamaha centar Zagreb\",\"isPartOf\":{\"@id\":\"https:\/\/yamaha-centar.hr\/#website\"},\"primaryImageOfPage\":{\"@id\":\"https:\/\/yamaha-centar.hr\/?p=7039#primaryimage\"},\"image\":{\"@id\":\"https:\/\/yamaha-centar.hr\/?p=7039#primaryimage\"},\"thumbnailUrl\":\"https:\/\/yamaha-centar.hr\/wp-content\/uploads\/2024\/09\/2025-Yamaha-YZF1000R1GYTR-EU-Primer_Black-360-Degrees-002-03.jpg\",\"datePublished\":\"2024-09-19T11:45:58+00:00\",\"dateModified\":\"2025-11-08T14:55:54+00:00\",\"breadcrumb\":{\"@id\":\"https:\/\/yamaha-centar.hr\/?p=7039#breadcrumb\"},\"inLanguage\":\"hr\",\"potentialAction\":[{\"@type\":\"ReadAction\",\"target\":[\"https:\/\/yamaha-centar.hr\/?p=7039\"]}]},{\"@type\":\"ImageObject\",\"inLanguage\":\"hr\",\"@id\":\"https:\/\/yamaha-centar.hr\/?p=7039#primaryimage\",\"url\":\"https:\/\/yamaha-centar.hr\/wp-content\/uploads\/2024\/09\/2025-Yamaha-YZF1000R1GYTR-EU-Primer_Black-360-Degrees-002-03.jpg\",\"contentUrl\":\"https:\/\/yamaha-centar.hr\/wp-content\/uploads\/2024\/09\/2025-Yamaha-YZF1000R1GYTR-EU-Primer_Black-360-Degrees-002-03.jpg\",\"width\":2000,\"height\":1125},{\"@type\":\"BreadcrumbList\",\"@id\":\"https:\/\/yamaha-centar.hr\/?p=7039#breadcrumb\",\"itemListElement\":[{\"@type\":\"ListItem\",\"position\":1,\"name\":\"Naslovna\",\"item\":\"https:\/\/yamaha-centar.hr\/\"},{\"@type\":\"ListItem\",\"position\":2,\"name\":\"R1 GYTR 2025\"}]},{\"@type\":\"WebSite\",\"@id\":\"https:\/\/yamaha-centar.hr\/#website\",\"url\":\"https:\/\/yamaha-centar.hr\/\",\"name\":\"Yamaha centar Zagreb\",\"description\":\"yamaha \/ motocikli \/ motori \/ skuteri \/ e-bicikli\",\"publisher\":{\"@id\":\"https:\/\/yamaha-centar.hr\/#organization\"},\"potentialAction\":[{\"@type\":\"SearchAction\",\"target\":{\"@type\":\"EntryPoint\",\"urlTemplate\":\"https:\/\/yamaha-centar.hr\/?s={search_term_string}\"},\"query-input\":\"required name=search_term_string\"}],\"inLanguage\":\"hr\"},{\"@type\":\"Organization\",\"@id\":\"https:\/\/yamaha-centar.hr\/#organization\",\"name\":\"Yamaha centar Zagreb\",\"url\":\"https:\/\/yamaha-centar.hr\/\",\"logo\":{\"@type\":\"ImageObject\",\"inLanguage\":\"hr\",\"@id\":\"https:\/\/yamaha-centar.hr\/#\/schema\/logo\/image\/\",\"url\":\"https:\/\/yamaha-centar.hr\/wp-content\/uploads\/2025\/02\/logo-nova-yamaha.jpg\",\"contentUrl\":\"https:\/\/yamaha-centar.hr\/wp-content\/uploads\/2025\/02\/logo-nova-yamaha.jpg\",\"width\":70,\"height\":70,\"caption\":\"Yamaha centar Zagreb\"},\"image\":{\"@id\":\"https:\/\/yamaha-centar.hr\/#\/schema\/logo\/image\/\"}},{\"@type\":\"Person\",\"@id\":\"https:\/\/yamaha-centar.hr\/#\/schema\/person\/1ef833a7ec3fed1b67987f2e91f66f13\",\"name\":\"yamaha\",\"image\":{\"@type\":\"ImageObject\",\"inLanguage\":\"hr\",\"@id\":\"https:\/\/yamaha-centar.hr\/#\/schema\/person\/image\/\",\"url\":\"https:\/\/secure.gravatar.com\/avatar\/15cf6ba994fae63801a90e29ac549544022c6e96ded59b4040f73ef057db0ef4?s=96&d=mm&r=g\",\"contentUrl\":\"https:\/\/secure.gravatar.com\/avatar\/15cf6ba994fae63801a90e29ac549544022c6e96ded59b4040f73ef057db0ef4?s=96&d=mm&r=g\",\"caption\":\"yamaha\"},\"sameAs\":[\"https:\/\/yamaha-centar.hr\"],\"url\":\"https:\/\/yamaha-centar.hr\/?author=1\"}]}<\/script>\n<!-- \/ Yoast SEO plugin. -->","yoast_head_json":{"title":"R1 GYTR 2025 - Yamaha centar Zagreb","robots":{"index":"index","follow":"follow","max-snippet":"max-snippet:-1","max-image-preview":"max-image-preview:large","max-video-preview":"max-video-preview:-1"},"canonical":"https:\/\/yamaha-centar.hr\/?p=7039","og_locale":"hr_HR","og_type":"article","og_title":"R1 GYTR 2025 - Yamaha centar Zagreb","og_description":"R1 GYTR Cijena na upit Potpuno opremljen sveobuhvatnom ponudom agregata, podvozja i trka\u0107e elektroni\u010dke tehnologije, novi R1 GYTR pru\u017ea svakom voza\u010du i trka\u010du na stazi najbolju osnovu za stvaranje vlastitog trka\u0107eg stroja iz snova, a dostupan je putem mre\u017ee GYTR PRO Shops. Uz specifikaciju spremnu za utrke, testiranu i razvijenu na Yamahinim trka\u0107im motociklima koji [&hellip;]","og_url":"https:\/\/yamaha-centar.hr\/?p=7039","og_site_name":"Yamaha centar Zagreb","article_published_time":"2024-09-19T11:45:58+00:00","article_modified_time":"2025-11-08T14:55:54+00:00","og_image":[{"width":2000,"height":1125,"url":"https:\/\/yamaha-centar.hr\/wp-content\/uploads\/2024\/09\/2025-Yamaha-YZF1000R1GYTR-EU-Primer_Black-360-Degrees-002-03.jpg","type":"image\/jpeg"}],"author":"yamaha","twitter_card":"summary_large_image","twitter_misc":{"Napisao\/la":"yamaha","Procijenjeno vrijeme \u010ditanja":"4 minute"},"schema":{"@context":"https:\/\/schema.org","@graph":[{"@type":"Article","@id":"https:\/\/yamaha-centar.hr\/?p=7039#article","isPartOf":{"@id":"https:\/\/yamaha-centar.hr\/?p=7039"},"author":{"name":"yamaha","@id":"https:\/\/yamaha-centar.hr\/#\/schema\/person\/1ef833a7ec3fed1b67987f2e91f66f13"},"headline":"R1 GYTR 2025","datePublished":"2024-09-19T11:45:58+00:00","dateModified":"2025-11-08T14:55:54+00:00","mainEntityOfPage":{"@id":"https:\/\/yamaha-centar.hr\/?p=7039"},"wordCount":483,"publisher":{"@id":"https:\/\/yamaha-centar.hr\/#organization"},"image":{"@id":"https:\/\/yamaha-centar.hr\/?p=7039#primaryimage"},"thumbnailUrl":"https:\/\/yamaha-centar.hr\/wp-content\/uploads\/2024\/09\/2025-Yamaha-YZF1000R1GYTR-EU-Primer_Black-360-Degrees-002-03.jpg","keywords":["R1","R1 2025","yamaha","yamaha R1 GYTR"],"articleSection":["Motocikli 2025","Supersport"],"inLanguage":"hr"},{"@type":"WebPage","@id":"https:\/\/yamaha-centar.hr\/?p=7039","url":"https:\/\/yamaha-centar.hr\/?p=7039","name":"R1 GYTR 2025 - Yamaha centar Zagreb","isPartOf":{"@id":"https:\/\/yamaha-centar.hr\/#website"},"primaryImageOfPage":{"@id":"https:\/\/yamaha-centar.hr\/?p=7039#primaryimage"},"image":{"@id":"https:\/\/yamaha-centar.hr\/?p=7039#primaryimage"},"thumbnailUrl":"https:\/\/yamaha-centar.hr\/wp-content\/uploads\/2024\/09\/2025-Yamaha-YZF1000R1GYTR-EU-Primer_Black-360-Degrees-002-03.jpg","datePublished":"2024-09-19T11:45:58+00:00","dateModified":"2025-11-08T14:55:54+00:00","breadcrumb":{"@id":"https:\/\/yamaha-centar.hr\/?p=7039#breadcrumb"},"inLanguage":"hr","potentialAction":[{"@type":"ReadAction","target":["https:\/\/yamaha-centar.hr\/?p=7039"]}]},{"@type":"ImageObject","inLanguage":"hr","@id":"https:\/\/yamaha-centar.hr\/?p=7039#primaryimage","url":"https:\/\/yamaha-centar.hr\/wp-content\/uploads\/2024\/09\/2025-Yamaha-YZF1000R1GYTR-EU-Primer_Black-360-Degrees-002-03.jpg","contentUrl":"https:\/\/yamaha-centar.hr\/wp-content\/uploads\/2024\/09\/2025-Yamaha-YZF1000R1GYTR-EU-Primer_Black-360-Degrees-002-03.jpg","width":2000,"height":1125},{"@type":"BreadcrumbList","@id":"https:\/\/yamaha-centar.hr\/?p=7039#breadcrumb","itemListElement":[{"@type":"ListItem","position":1,"name":"Naslovna","item":"https:\/\/yamaha-centar.hr\/"},{"@type":"ListItem","position":2,"name":"R1 GYTR 2025"}]},{"@type":"WebSite","@id":"https:\/\/yamaha-centar.hr\/#website","url":"https:\/\/yamaha-centar.hr\/","name":"Yamaha centar Zagreb","description":"yamaha \/ motocikli \/ motori \/ skuteri \/ e-bicikli","publisher":{"@id":"https:\/\/yamaha-centar.hr\/#organization"},"potentialAction":[{"@type":"SearchAction","target":{"@type":"EntryPoint","urlTemplate":"https:\/\/yamaha-centar.hr\/?s={search_term_string}"},"query-input":"required name=search_term_string"}],"inLanguage":"hr"},{"@type":"Organization","@id":"https:\/\/yamaha-centar.hr\/#organization","name":"Yamaha centar Zagreb","url":"https:\/\/yamaha-centar.hr\/","logo":{"@type":"ImageObject","inLanguage":"hr","@id":"https:\/\/yamaha-centar.hr\/#\/schema\/logo\/image\/","url":"https:\/\/yamaha-centar.hr\/wp-content\/uploads\/2025\/02\/logo-nova-yamaha.jpg","contentUrl":"https:\/\/yamaha-centar.hr\/wp-content\/uploads\/2025\/02\/logo-nova-yamaha.jpg","width":70,"height":70,"caption":"Yamaha centar Zagreb"},"image":{"@id":"https:\/\/yamaha-centar.hr\/#\/schema\/logo\/image\/"}},{"@type":"Person","@id":"https:\/\/yamaha-centar.hr\/#\/schema\/person\/1ef833a7ec3fed1b67987f2e91f66f13","name":"yamaha","image":{"@type":"ImageObject","inLanguage":"hr","@id":"https:\/\/yamaha-centar.hr\/#\/schema\/person\/image\/","url":"https:\/\/secure.gravatar.com\/avatar\/15cf6ba994fae63801a90e29ac549544022c6e96ded59b4040f73ef057db0ef4?s=96&d=mm&r=g","contentUrl":"https:\/\/secure.gravatar.com\/avatar\/15cf6ba994fae63801a90e29ac549544022c6e96ded59b4040f73ef057db0ef4?s=96&d=mm&r=g","caption":"yamaha"},"sameAs":["https:\/\/yamaha-centar.hr"],"url":"https:\/\/yamaha-centar.hr\/?author=1"}]}},"rttpg_featured_image_url":{"full":["https:\/\/yamaha-centar.hr\/wp-content\/uploads\/2024\/09\/2025-Yamaha-YZF1000R1GYTR-EU-Primer_Black-360-Degrees-002-03.jpg",2000,1125,false],"landscape":["https:\/\/yamaha-centar.hr\/wp-content\/uploads\/2024\/09\/2025-Yamaha-YZF1000R1GYTR-EU-Primer_Black-360-Degrees-002-03.jpg",2000,1125,false],"portraits":["https:\/\/yamaha-centar.hr\/wp-content\/uploads\/2024\/09\/2025-Yamaha-YZF1000R1GYTR-EU-Primer_Black-360-Degrees-002-03.jpg",2000,1125,false],"thumbnail":["https:\/\/yamaha-centar.hr\/wp-content\/uploads\/2024\/09\/2025-Yamaha-YZF1000R1GYTR-EU-Primer_Black-360-Degrees-002-03-150x150.jpg",150,150,true],"medium":["https:\/\/yamaha-centar.hr\/wp-content\/uploads\/2024\/09\/2025-Yamaha-YZF1000R1GYTR-EU-Primer_Black-360-Degrees-002-03-300x169.jpg",300,169,true],"large":["https:\/\/yamaha-centar.hr\/wp-content\/uploads\/2024\/09\/2025-Yamaha-YZF1000R1GYTR-EU-Primer_Black-360-Degrees-002-03-1024x576.jpg",1024,576,true],"1536x1536":["https:\/\/yamaha-centar.hr\/wp-content\/uploads\/2024\/09\/2025-Yamaha-YZF1000R1GYTR-EU-Primer_Black-360-Degrees-002-03-1536x864.jpg",1536,864,true],"2048x2048":["https:\/\/yamaha-centar.hr\/wp-content\/uploads\/2024\/09\/2025-Yamaha-YZF1000R1GYTR-EU-Primer_Black-360-Degrees-002-03.jpg",2000,1125,false],"sow-carousel-default":["https:\/\/yamaha-centar.hr\/wp-content\/uploads\/2024\/09\/2025-Yamaha-YZF1000R1GYTR-EU-Primer_Black-360-Degrees-002-03-272x182.jpg",272,182,true],"sow-recent-post":["https:\/\/yamaha-centar.hr\/wp-content\/uploads\/2024\/09\/2025-Yamaha-YZF1000R1GYTR-EU-Primer_Black-360-Degrees-002-03-216x216.jpg",216,216,true],"rt_custom":["https:\/\/yamaha-centar.hr\/wp-content\/uploads\/2024\/09\/2025-Yamaha-YZF1000R1GYTR-EU-Primer_Black-360-Degrees-002-03.jpg",2000,1125,false]},"rttpg_author":{"display_name":"yamaha","author_link":"https:\/\/yamaha-centar.hr\/?author=1"},"rttpg_comment":0,"rttpg_category":"<a href=\"https:\/\/yamaha-centar.hr\/?cat=322\" rel=\"category\">Motocikli 2025<\/a> <a href=\"https:\/\/yamaha-centar.hr\/?cat=35\" rel=\"category\">Supersport<\/a>","rttpg_excerpt":"R1 GYTR Cijena na upit Potpuno opremljen sveobuhvatnom ponudom agregata, podvozja i trka\u0107e elektroni\u010dke tehnologije, novi R1 GYTR pru\u017ea svakom voza\u010du i trka\u010du na stazi najbolju osnovu za stvaranje vlastitog trka\u0107eg stroja iz snova, a dostupan je putem mre\u017ee GYTR PRO Shops. Uz specifikaciju spremnu za utrke, testiranu i razvijenu na Yamahinim trka\u0107im motociklima koji&hellip;","_links":{"self":[{"href":"https:\/\/yamaha-centar.hr\/index.php?rest_route=\/wp\/v2\/posts\/7039","targetHints":{"allow":["GET"]}}],"collection":[{"href":"https:\/\/yamaha-centar.hr\/index.php?rest_route=\/wp\/v2\/posts"}],"about":[{"href":"https:\/\/yamaha-centar.hr\/index.php?rest_route=\/wp\/v2\/types\/post"}],"author":[{"embeddable":true,"href":"https:\/\/yamaha-centar.hr\/index.php?rest_route=\/wp\/v2\/users\/1"}],"replies":[{"embeddable":true,"href":"https:\/\/yamaha-centar.hr\/index.php?rest_route=%2Fwp%2Fv2%2Fcomments&post=7039"}],"version-history":[{"count":4,"href":"https:\/\/yamaha-centar.hr\/index.php?rest_route=\/wp\/v2\/posts\/7039\/revisions"}],"predecessor-version":[{"id":7235,"href":"https:\/\/yamaha-centar.hr\/index.php?rest_route=\/wp\/v2\/posts\/7039\/revisions\/7235"}],"wp:featuredmedia":[{"embeddable":true,"href":"https:\/\/yamaha-centar.hr\/index.php?rest_route=\/wp\/v2\/media\/7042"}],"wp:attachment":[{"href":"https:\/\/yamaha-centar.hr\/index.php?rest_route=%2Fwp%2Fv2%2Fmedia&parent=7039"}],"wp:term":[{"taxonomy":"category","embeddable":true,"href":"https:\/\/yamaha-centar.hr\/index.php?rest_route=%2Fwp%2Fv2%2Fcategories&post=7039"},{"taxonomy":"post_tag","embeddable":true,"href":"https:\/\/yamaha-centar.hr\/index.php?rest_route=%2Fwp%2Fv2%2Ftags&post=7039"}],"curies":[{"name":"wp","href":"https:\/\/api.w.org\/{rel}","templated":true}]}}