{"id":6941,"date":"2024-09-18T10:12:19","date_gmt":"2024-09-18T08:12:19","guid":{"rendered":"https:\/\/yamaha-centar.hr\/?p=6941"},"modified":"2024-09-18T10:16:59","modified_gmt":"2024-09-18T08:16:59","slug":"wolverine-x4-850-se-2025","status":"publish","type":"post","link":"https:\/\/yamaha-centar.hr\/?p=6941","title":{"rendered":"Wolverine\u00ae X4 850 SE 2025"},"content":{"rendered":"<style type=\"text\/css\">\n#foogallery-gallery-6945 .fg-image { width: 120px; }<\/style>\n\t\t\t<div class=\"foogallery foogallery-container foogallery-carousel foogallery-lightbox-foogallery fg-carousel-hide-pagination fg-carousel fg-ready fg-light fg-border-thin fg-shadow-outline fg-loading-default fg-loaded-fade-in fg-caption-hover fg-hover-fade fg-hover-zoom\" id=\"foogallery-gallery-6945\" data-foogallery=\"{&quot;item&quot;:{&quot;showCaptionTitle&quot;:true,&quot;showCaptionDescription&quot;:true},&quot;lazy&quot;:true,&quot;template&quot;:{&quot;maxItems&quot;:8,&quot;scale&quot;:0.11999999999999999555910790149937383830547332763671875,&quot;gutter&quot;:{&quot;min&quot;:-40,&quot;max&quot;:-20,&quot;unit&quot;:&quot;%&quot;},&quot;autoplay&quot;:{&quot;time&quot;:0,&quot;interaction&quot;:&quot;pause&quot;},&quot;centerOnClick&quot;:false}}\" data-foogallery-lightbox=\"{&quot;thumbs&quot;:&quot;bottom&quot;,&quot;thumbsCaptions&quot;:false,&quot;thumbsBestFit&quot;:false,&quot;thumbsSmall&quot;:false,&quot;thumbsCaptionsAlign&quot;:&quot;default&quot;,&quot;info&quot;:&quot;bottom&quot;,&quot;infoVisible&quot;:true,&quot;infoOverlay&quot;:true,&quot;infoAlign&quot;:&quot;default&quot;,&quot;transition&quot;:&quot;fade&quot;,&quot;hoverButtons&quot;:false,&quot;fitMedia&quot;:false,&quot;noScrollbars&quot;:true,&quot;preserveButtonSpace&quot;:true,&quot;buttons&quot;:{&quot;fullscreen&quot;:true,&quot;info&quot;:true,&quot;thumbs&quot;:false},&quot;video&quot;:{&quot;autoPlay&quot;:true}}\" style=\"--fg-title-line-clamp: 0; --fg-description-line-clamp: 0;\" >\n\t<button type=\"button\" class=\"fg-carousel-prev\"><\/button>\n\t<div class=\"fg-carousel-inner\">\n\t\t<div class=\"fg-carousel-center\"><\/div>\n\t\t<div class=\"fg-item fg-type-image fg-idle\"><figure class=\"fg-item-inner\"><a href=\"https:\/\/yamaha-centar.hr\/wp-content\/uploads\/2024\/09\/2025-Yamaha-YXF850E-25SE-EU-Matte_Grey_Metallic_Black_-360-Degrees-001-03.jpg\" data-attachment-id=\"6946\" data-type=\"image\" class=\"fg-thumb\"><span class=\"fg-image-wrap\"><img decoding=\"async\" width=\"120\" height=\"80\" class=\"skip-lazy fg-image\" data-src-fg=\"https:\/\/yamaha-centar.hr\/wp-content\/uploads\/cache\/2024\/09\/2025-Yamaha-YXF850E-25SE-EU-Matte_Grey_Metallic_Black_-360-Degrees-001-03\/2406854135.jpg\" src=\"data:image\/svg+xml,%3Csvg%20xmlns%3D%22http%3A%2F%2Fwww.w3.org%2F2000%2Fsvg%22%20width%3D%22120%22%20height%3D%2280%22%20viewBox%3D%220%200%20120%2080%22%3E%3C%2Fsvg%3E\" loading=\"eager\"><\/span><span class=\"fg-image-overlay\"><\/span><\/a><\/figure><div class=\"fg-loader\"><\/div><\/div><div class=\"fg-item fg-type-image fg-idle\"><figure class=\"fg-item-inner\"><a href=\"https:\/\/yamaha-centar.hr\/wp-content\/uploads\/2024\/09\/2025-Yamaha-YXF850E-25SE-EU-Matte_Grey_Metallic_Black_-Action-001-03.jpg\" data-attachment-id=\"6947\" data-type=\"image\" class=\"fg-thumb\"><span class=\"fg-image-wrap\"><img decoding=\"async\" width=\"120\" height=\"80\" class=\"skip-lazy fg-image\" data-src-fg=\"https:\/\/yamaha-centar.hr\/wp-content\/uploads\/cache\/2024\/09\/2025-Yamaha-YXF850E-25SE-EU-Matte_Grey_Metallic_Black_-Action-001-03\/4123741023.jpg\" src=\"data:image\/svg+xml,%3Csvg%20xmlns%3D%22http%3A%2F%2Fwww.w3.org%2F2000%2Fsvg%22%20width%3D%22120%22%20height%3D%2280%22%20viewBox%3D%220%200%20120%2080%22%3E%3C%2Fsvg%3E\" loading=\"eager\"><\/span><span class=\"fg-image-overlay\"><\/span><\/a><\/figure><div class=\"fg-loader\"><\/div><\/div><div class=\"fg-item fg-type-image fg-idle\"><figure class=\"fg-item-inner\"><a href=\"https:\/\/yamaha-centar.hr\/wp-content\/uploads\/2024\/09\/2025-Yamaha-YXF850E-25SE-EU-Matte_Grey_Metallic_Black_-Action-002-03.jpg\" data-attachment-id=\"6948\" data-type=\"image\" class=\"fg-thumb\"><span class=\"fg-image-wrap\"><img decoding=\"async\" width=\"120\" height=\"80\" class=\"skip-lazy fg-image\" data-src-fg=\"https:\/\/yamaha-centar.hr\/wp-content\/uploads\/cache\/2024\/09\/2025-Yamaha-YXF850E-25SE-EU-Matte_Grey_Metallic_Black_-Action-002-03\/2013988719.jpg\" src=\"data:image\/svg+xml,%3Csvg%20xmlns%3D%22http%3A%2F%2Fwww.w3.org%2F2000%2Fsvg%22%20width%3D%22120%22%20height%3D%2280%22%20viewBox%3D%220%200%20120%2080%22%3E%3C%2Fsvg%3E\" loading=\"eager\"><\/span><span class=\"fg-image-overlay\"><\/span><\/a><\/figure><div class=\"fg-loader\"><\/div><\/div><div class=\"fg-item fg-type-image fg-idle\"><figure class=\"fg-item-inner\"><a href=\"https:\/\/yamaha-centar.hr\/wp-content\/uploads\/2024\/09\/2025-Yamaha-YXF850E-25SE-EU-Matte_Grey_Metallic_Black_-Action-003-03.jpg\" data-attachment-id=\"6949\" data-type=\"image\" class=\"fg-thumb\"><span class=\"fg-image-wrap\"><img decoding=\"async\" width=\"120\" height=\"80\" class=\"skip-lazy fg-image\" data-src-fg=\"https:\/\/yamaha-centar.hr\/wp-content\/uploads\/cache\/2024\/09\/2025-Yamaha-YXF850E-25SE-EU-Matte_Grey_Metallic_Black_-Action-003-03\/3128697036.jpg\" src=\"data:image\/svg+xml,%3Csvg%20xmlns%3D%22http%3A%2F%2Fwww.w3.org%2F2000%2Fsvg%22%20width%3D%22120%22%20height%3D%2280%22%20viewBox%3D%220%200%20120%2080%22%3E%3C%2Fsvg%3E\" loading=\"eager\"><\/span><span class=\"fg-image-overlay\"><\/span><\/a><\/figure><div class=\"fg-loader\"><\/div><\/div><div class=\"fg-item fg-type-image fg-idle\"><figure class=\"fg-item-inner\"><a href=\"https:\/\/yamaha-centar.hr\/wp-content\/uploads\/2024\/09\/2025-Yamaha-YXF850E-25SE-EU-Matte_Grey_Metallic_Black_-Action-004-04.jpg\" data-attachment-id=\"6950\" data-type=\"image\" class=\"fg-thumb\"><span class=\"fg-image-wrap\"><img decoding=\"async\" width=\"120\" height=\"80\" class=\"skip-lazy fg-image\" data-src-fg=\"https:\/\/yamaha-centar.hr\/wp-content\/uploads\/cache\/2024\/09\/2025-Yamaha-YXF850E-25SE-EU-Matte_Grey_Metallic_Black_-Action-004-04\/1359793719.jpg\" src=\"data:image\/svg+xml,%3Csvg%20xmlns%3D%22http%3A%2F%2Fwww.w3.org%2F2000%2Fsvg%22%20width%3D%22120%22%20height%3D%2280%22%20viewBox%3D%220%200%20120%2080%22%3E%3C%2Fsvg%3E\" loading=\"eager\"><\/span><span class=\"fg-image-overlay\"><\/span><\/a><\/figure><div class=\"fg-loader\"><\/div><\/div><div class=\"fg-item fg-type-image fg-idle\"><figure class=\"fg-item-inner\"><a href=\"https:\/\/yamaha-centar.hr\/wp-content\/uploads\/2024\/09\/2025-Yamaha-YXF850E-25SE-EU-Matte_Grey_Metallic_Black_-Action-005-03.jpg\" data-attachment-id=\"6951\" data-type=\"image\" class=\"fg-thumb\"><span class=\"fg-image-wrap\"><img decoding=\"async\" width=\"120\" height=\"80\" class=\"skip-lazy fg-image\" data-src-fg=\"https:\/\/yamaha-centar.hr\/wp-content\/uploads\/cache\/2024\/09\/2025-Yamaha-YXF850E-25SE-EU-Matte_Grey_Metallic_Black_-Action-005-03\/2579423373.jpg\" src=\"data:image\/svg+xml,%3Csvg%20xmlns%3D%22http%3A%2F%2Fwww.w3.org%2F2000%2Fsvg%22%20width%3D%22120%22%20height%3D%2280%22%20viewBox%3D%220%200%20120%2080%22%3E%3C%2Fsvg%3E\" loading=\"eager\"><\/span><span class=\"fg-image-overlay\"><\/span><\/a><\/figure><div class=\"fg-loader\"><\/div><\/div><div class=\"fg-item fg-type-image fg-idle\"><figure class=\"fg-item-inner\"><a href=\"https:\/\/yamaha-centar.hr\/wp-content\/uploads\/2024\/09\/2025-Yamaha-YXF850E-25SE-EU-Matte_Grey_Metallic_Black_-Action-006-03.jpg\" data-attachment-id=\"6952\" data-type=\"image\" class=\"fg-thumb\"><span class=\"fg-image-wrap\"><img decoding=\"async\" width=\"120\" height=\"80\" class=\"skip-lazy fg-image\" data-src-fg=\"https:\/\/yamaha-centar.hr\/wp-content\/uploads\/cache\/2024\/09\/2025-Yamaha-YXF850E-25SE-EU-Matte_Grey_Metallic_Black_-Action-006-03\/72781353.jpg\" src=\"data:image\/svg+xml,%3Csvg%20xmlns%3D%22http%3A%2F%2Fwww.w3.org%2F2000%2Fsvg%22%20width%3D%22120%22%20height%3D%2280%22%20viewBox%3D%220%200%20120%2080%22%3E%3C%2Fsvg%3E\" loading=\"eager\"><\/span><span class=\"fg-image-overlay\"><\/span><\/a><\/figure><div class=\"fg-loader\"><\/div><\/div><div class=\"fg-item fg-type-image fg-idle\"><figure class=\"fg-item-inner\"><a href=\"https:\/\/yamaha-centar.hr\/wp-content\/uploads\/2024\/09\/2025-Yamaha-YXF850E-25SE-EU-Matte_Grey_Metallic_Black_-Studio-002-03.jpg\" data-attachment-id=\"6953\" data-type=\"image\" class=\"fg-thumb\"><span class=\"fg-image-wrap\"><img decoding=\"async\" width=\"120\" height=\"80\" class=\"skip-lazy fg-image\" data-src-fg=\"https:\/\/yamaha-centar.hr\/wp-content\/uploads\/cache\/2024\/09\/2025-Yamaha-YXF850E-25SE-EU-Matte_Grey_Metallic_Black_-Studio-002-03\/3548696543.jpg\" src=\"data:image\/svg+xml,%3Csvg%20xmlns%3D%22http%3A%2F%2Fwww.w3.org%2F2000%2Fsvg%22%20width%3D%22120%22%20height%3D%2280%22%20viewBox%3D%220%200%20120%2080%22%3E%3C%2Fsvg%3E\" loading=\"eager\"><\/span><span class=\"fg-image-overlay\"><\/span><\/a><\/figure><div class=\"fg-loader\"><\/div><\/div>\t<\/div>\n\t<div class=\"fg-carousel-bottom\"><\/div>\n\t<div class=\"fg-carousel-progress\"><\/div>\n\t<button type=\"button\" class=\"fg-carousel-next\"><\/button>\n<\/div><style type=\"text\/css\">#foogallery-gallery-6945 { margin-bottom: 45px; }<\/style>\n<h5>Wolverine\u00ae X4 850 SE<span id=\"cijenaupit\"><a href=\"https:\/\/yamaha-centar.hr\/?page_id=673\" target=\"_blank\" rel=\"noopener\"> Cijena na upit <img loading=\"lazy\" decoding=\"async\" id=\"mailicona\" class=\"alignnone size-full wp-image-5644\" src=\"https:\/\/yamaha-centar.hr\/wp-content\/uploads\/2024\/03\/mail_icon.jpg\" alt=\"\" width=\"18\" height=\"14\" \/><\/a><\/span><\/h5>\n<p>Vozilo Wolverine\u00ae X4 850 SE izra\u0111eno je za prijevoz \u010detiri odrasle osobe po ekstremnom terenu \u2013 a zahvaljuju\u0107i agregatu s velikim okretnim momentom i kompaktnom podvozju, ovaj SxS, jednostavan za kori\u0161tenje, pru\u017ea vam performanse, udobnost i samopouzdanje! #DRIVENBYFREEDOM<\/p>\n<h5 id=\"specifikacije\">ZABAVAN \u010cETVEROSJED KOJI IMA OKRETNOST DVOSJEDA<\/h5>\n<p>Sna\u017ean dvocilindri\u010dni redni agregat zapremnine 850 ccm modela Wolverine\u00ae X4 SE proizvodi dojmljiv okretni moment za svladavanje tehni\u010dki zahtjevnog terena pri maloj brzini, a ugla\u0111eno funkcioniranje prijenosa Ultramatic\u00ae i na\u0161 pogonski sustav On-Command koji ima mogu\u0107nost prebacivanja izme\u0111u funkcija 2WD \/ 4WD \/ blokada diferencijala omogu\u0107uje vam jo\u0161 vi\u0161e samopouzdanja i kontrole!<\/p>\n<p>Uz sjedala visokog naslona prilago\u0111ena za 4 odrasle osobe, ovaj model predstavlja jedan od najudobnijih na\u010dina za izlazak van i istra\u017eivanje udaljenih predjela s prijateljima. Kompaktno podvozje pru\u017ea izvanrednu razinu okretnosti i upravljivosti na svim vrstama terena i u svim uvjetima.<\/p>\n<h5 id=\"specifikacije\">ZNA\u010cAJKE<\/h5>\n<ul>\n<li>Sna\u017ena, ugla\u0111ena i tiha 2 cilindra od 850 ccm.<\/li>\n<li>Spreman za trenuta\u010dni rad, udoban i provjeren na stazi<\/li>\n<li>Model ROV s 4 sjedala od kojih se stra\u017enja preklapaju.<\/li>\n<li>Manji zamor i preciznije upravljanje putem sustava EPS<\/li>\n<li>Klju\u010dem kontrolirani sustav upravljanja brzinom<\/li>\n<li>Potpuno opremljen Yamahinom tehnologijom za terensku vo\u017enju<\/li>\n<li>Kota\u010di u boji vozila, a boje\/graFIke paketa SE<\/li>\n<li>Dodatna homologacija kategorije T<\/li>\n<\/ul>\n<h5><span style=\"color: #000000;\"><a style=\"color: #000000;\" href=\"https:\/\/yamaha-centar.hr\/wp-content\/uploads\/2024\/09\/2025-YXF850E-25SE_hr-HR.pdf\" target=\"_blank\" rel=\"noopener\">ZNA\u010cAJKE DETALJNO (PDF)<img loading=\"lazy\" decoding=\"async\" class=\"size-full wp-image-953 alignnone\" src=\"https:\/\/yamaha-centar.hr\/wp-content\/uploads\/2023\/12\/d-icon.png\" alt=\"\" width=\"20\" height=\"18\" \/><\/a><\/span><\/h5>\n<h5 id=\"specifikacije\">SPECIFIKACIJE<\/h5>\n<div class=\"responsive-tabs\">\n<h2 class=\"tabtitle\">Agregat<\/h2>\n<div class=\"tabcontent\">\n\n<p id=\"tabby\">Tip agregata:  Hla\u0111enje teku\u0107inom, 4-takta, DOHC, Parallel Twin<br \/>\nZapremina:  847 ccm<br \/>\nProvrt x hod:  82,0 mm x 80,2 mm<br \/>\nOmjer kompresije:  10.5 : 1<br \/>\nSustav podmazivanja:  Suhi karter<br \/>\nNapajanje gorivom:  Mikuni fuel injection with Drive by wire, dual 36mm throttle bodies<br \/>\nSustav paljenja:  TCI<br \/>\nSustav pokretanja:  Elektri\u010dno<br \/>\nSustav prijenosa:  Yamaha Ultramatic\u00ae CVT automatic V-belt<br \/>\nPogonski sustav:  On-Command 2WD, 4WD, 4WD sa zaklju\u010davanjem diferencijala<br \/>\nZavr\u0161ni prijenos:  Osovina<\/p>\n\n<\/div><h2 class=\"tabtitle\">\u0160asija<\/h2>\n<div class=\"tabcontent\">\n\n<p id=\"tabby\">Sustav ovjesa sprijeda:  Dvostruki nezavisni cjevasti okvir sa stabiliziraju\u0107om polugom, hod kota\u010da od 221 mm. Prednji i stra\u017enji KYB amortizeri s prednaprezanjem opruge s navojem, pode\u0161avanjem kompresije pri velikoj i niskoj brzini i pode\u0161avanjem odskoka.<br \/>\nSystem ovjesa straga:  Dvostruki neovisni cjevasti okvir sa stabiliziraju\u0107om \u0161ipkom, hod kota\u010da od 226 mm sa samoniveliraju\u0107im amortizerima<br \/>\nPrednja ko\u010dnica:  Dvostruki ventilirani hidrauli\u010dni diskovi<br \/>\nStra\u017enja ko\u010dnica:  Dvostruki ventilirani hidrauli\u010dni diskovi, Parkirna ko\u010dnica montirana na osovini<br \/>\nPrednje gume:  Commander gume za zemljani teren od 27 in\u010da \/ aluminijski naplatci od 12 in\u010da<br \/>\nStra\u017enje gume:  Commander gume za zemljani teren od 27 in\u010da \/ aluminijski naplatci od 12 in\u010da<\/p>\n\n<\/div><h2 class=\"tabtitle\">Dimenzije<\/h2>\n<div class=\"tabcontent\">\n\n<p id=\"tabby\">Ukupna du\u017eina:  3.100 mm<br \/>\nUkupna \u0161irina:  1.580 mm<br \/>\nUkupna visina:  1.973 mm<br \/>\nMe\u0111uosovinski razmak:  2.125 mm<br \/>\nMinimalni radijus okretanja:  4,8 m<br \/>\nMinimalna udaljenost od tla:  286 mm<br \/>\nTe\u017eina (s punim spremnikom ulja i goriva):  823 kg<br \/>\nKapacitet spremnika goriva:  35 Litara<br \/>\nKapacitet spremnika za ulje:  4.1 Litara<br \/>\nVisina sjedala:  793 mm<\/p>\n\n<\/div><h2 class=\"tabtitle\">Tovarni prostor<\/h2>\n<div class=\"tabcontent\">\n\n<p id=\"tabby\">Spremi\u0161te:  71 kg<\/p>\n\n<\/div><h2 class=\"tabtitle\">Dodatne zna\u010dajke<\/h2>\n<div class=\"tabcontent\">\n\n<p id=\"tabby\">Sustav upravljanja:  Rack and Pinion Steering Assembly with Electric Power Steering<br \/>\nTowing capacity:  907 kg<br \/>\nInstrumentation:  Digitalni LCD zaslon s pokaziva\u010dem razine goriva, brzinomjerom, broja\u010dem kilometara, putnim ra\u010dunalom, pokaziva\u010dem servisnog intervala, mjera\u010dem radnih sati, indikatorom pogona 2WD \/ 4WD \/ blokade diferencijala \/ na\u010dina rada Turf, indikatorom stupnja prijenosa L\/H\/N\/R, indikatorom ru\u010dne ko\u010dnice, kontrolnom lampicom ispravnosti rada motora, mjera\u010dem temperature vode sa svjetlom upozorenja, indikatorom upozorenja o stanju akumulatora, indikatorom tipke sustava upravljanja brzinom, indikatorom dugih svjetala te EPS svjetlom upozorenja.<br \/>\nFront Mounted Winch:  VRX4500<br \/>\nOsvjetljenje:  Dual 12V 12.4\/6.2W LED Multi-reflector Headlights, Dual 12V 2.7\/0.5W LED Taillights with Brake and Reversing lamp<\/p>\n<\/div><\/div>\n","protected":false},"excerpt":{"rendered":"<p>Wolverine\u00ae X4 850 SE Cijena na upit Vozilo Wolverine\u00ae X4 850 SE izra\u0111eno je za prijevoz \u010detiri odrasle osobe po ekstremnom terenu \u2013 a zahvaljuju\u0107i agregatu s velikim okretnim momentom i kompaktnom podvozju, ovaj SxS, jednostavan za kori\u0161tenje, pru\u017ea vam performanse, udobnost i samopouzdanje! #DRIVENBYFREEDOM ZABAVAN \u010cETVEROSJED KOJI IMA OKRETNOST DVOSJEDA Sna\u017ean dvocilindri\u010dni redni agregat [&hellip;]<\/p>\n","protected":false},"author":1,"featured_media":6946,"comment_status":"closed","ping_status":"open","sticky":false,"template":"","format":"standard","meta":{"_bbp_topic_count":0,"_bbp_reply_count":0,"_bbp_total_topic_count":0,"_bbp_total_reply_count":0,"_bbp_voice_count":0,"_bbp_anonymous_reply_count":0,"_bbp_topic_count_hidden":0,"_bbp_reply_count_hidden":0,"_bbp_forum_subforum_count":0,"footnotes":""},"categories":[352,52],"tags":[359,356,358,200],"class_list":["post-6941","post","type-post","status-publish","format-standard","has-post-thumbnail","hentry","category-atv-2025","category-slobodno-vrijeme","tag-4x4","tag-atv-2025","tag-atv-slobodno-vrijeme","tag-yamaha"],"yoast_head":"<!-- This site is optimized with the Yoast SEO plugin v23.0 - https:\/\/yoast.com\/wordpress\/plugins\/seo\/ -->\n<title>Wolverine\u00ae X4 850 SE 2025 - Yamaha centar Zagreb<\/title>\n<meta name=\"robots\" content=\"index, follow, max-snippet:-1, max-image-preview:large, max-video-preview:-1\" \/>\n<link rel=\"canonical\" href=\"https:\/\/yamaha-centar.hr\/?p=6941\" \/>\n<meta property=\"og:locale\" content=\"hr_HR\" \/>\n<meta property=\"og:type\" content=\"article\" \/>\n<meta property=\"og:title\" content=\"Wolverine\u00ae X4 850 SE 2025 - Yamaha centar Zagreb\" \/>\n<meta property=\"og:description\" content=\"Wolverine\u00ae X4 850 SE Cijena na upit Vozilo Wolverine\u00ae X4 850 SE izra\u0111eno je za prijevoz \u010detiri odrasle osobe po ekstremnom terenu \u2013 a zahvaljuju\u0107i agregatu s velikim okretnim momentom i kompaktnom podvozju, ovaj SxS, jednostavan za kori\u0161tenje, pru\u017ea vam performanse, udobnost i samopouzdanje! #DRIVENBYFREEDOM ZABAVAN \u010cETVEROSJED KOJI IMA OKRETNOST DVOSJEDA Sna\u017ean dvocilindri\u010dni redni agregat [&hellip;]\" \/>\n<meta property=\"og:url\" content=\"https:\/\/yamaha-centar.hr\/?p=6941\" \/>\n<meta property=\"og:site_name\" content=\"Yamaha centar Zagreb\" \/>\n<meta property=\"article:published_time\" content=\"2024-09-18T08:12:19+00:00\" \/>\n<meta property=\"article:modified_time\" content=\"2024-09-18T08:16:59+00:00\" \/>\n<meta property=\"og:image\" content=\"https:\/\/yamaha-centar.hr\/wp-content\/uploads\/2024\/09\/2025-Yamaha-YXF850E-25SE-EU-Matte_Grey_Metallic_Black_-360-Degrees-001-03.jpg\" \/>\n\t<meta property=\"og:image:width\" content=\"2000\" \/>\n\t<meta property=\"og:image:height\" content=\"1125\" \/>\n\t<meta property=\"og:image:type\" content=\"image\/jpeg\" \/>\n<meta name=\"author\" content=\"yamaha\" \/>\n<meta name=\"twitter:card\" content=\"summary_large_image\" \/>\n<meta name=\"twitter:label1\" content=\"Napisao\/la\" \/>\n\t<meta name=\"twitter:data1\" content=\"yamaha\" \/>\n\t<meta name=\"twitter:label2\" content=\"Procijenjeno vrijeme \u010ditanja\" \/>\n\t<meta name=\"twitter:data2\" content=\"4 minute\" \/>\n<script type=\"application\/ld+json\" class=\"yoast-schema-graph\">{\"@context\":\"https:\/\/schema.org\",\"@graph\":[{\"@type\":\"Article\",\"@id\":\"https:\/\/yamaha-centar.hr\/?p=6941#article\",\"isPartOf\":{\"@id\":\"https:\/\/yamaha-centar.hr\/?p=6941\"},\"author\":{\"name\":\"yamaha\",\"@id\":\"https:\/\/yamaha-centar.hr\/#\/schema\/person\/1ef833a7ec3fed1b67987f2e91f66f13\"},\"headline\":\"Wolverine\u00ae X4 850 SE 2025\",\"datePublished\":\"2024-09-18T08:12:19+00:00\",\"dateModified\":\"2024-09-18T08:16:59+00:00\",\"mainEntityOfPage\":{\"@id\":\"https:\/\/yamaha-centar.hr\/?p=6941\"},\"wordCount\":584,\"publisher\":{\"@id\":\"https:\/\/yamaha-centar.hr\/#organization\"},\"image\":{\"@id\":\"https:\/\/yamaha-centar.hr\/?p=6941#primaryimage\"},\"thumbnailUrl\":\"https:\/\/yamaha-centar.hr\/wp-content\/uploads\/2024\/09\/2025-Yamaha-YXF850E-25SE-EU-Matte_Grey_Metallic_Black_-360-Degrees-001-03.jpg\",\"keywords\":[\"4x4\",\"atv 2025\",\"ATV slobodno vrijeme\",\"yamaha\"],\"articleSection\":[\"ATV 2025\",\"Slobodno vrijeme i SxS (Leisure)\"],\"inLanguage\":\"hr\"},{\"@type\":\"WebPage\",\"@id\":\"https:\/\/yamaha-centar.hr\/?p=6941\",\"url\":\"https:\/\/yamaha-centar.hr\/?p=6941\",\"name\":\"Wolverine\u00ae X4 850 SE 2025 - Yamaha centar Zagreb\",\"isPartOf\":{\"@id\":\"https:\/\/yamaha-centar.hr\/#website\"},\"primaryImageOfPage\":{\"@id\":\"https:\/\/yamaha-centar.hr\/?p=6941#primaryimage\"},\"image\":{\"@id\":\"https:\/\/yamaha-centar.hr\/?p=6941#primaryimage\"},\"thumbnailUrl\":\"https:\/\/yamaha-centar.hr\/wp-content\/uploads\/2024\/09\/2025-Yamaha-YXF850E-25SE-EU-Matte_Grey_Metallic_Black_-360-Degrees-001-03.jpg\",\"datePublished\":\"2024-09-18T08:12:19+00:00\",\"dateModified\":\"2024-09-18T08:16:59+00:00\",\"breadcrumb\":{\"@id\":\"https:\/\/yamaha-centar.hr\/?p=6941#breadcrumb\"},\"inLanguage\":\"hr\",\"potentialAction\":[{\"@type\":\"ReadAction\",\"target\":[\"https:\/\/yamaha-centar.hr\/?p=6941\"]}]},{\"@type\":\"ImageObject\",\"inLanguage\":\"hr\",\"@id\":\"https:\/\/yamaha-centar.hr\/?p=6941#primaryimage\",\"url\":\"https:\/\/yamaha-centar.hr\/wp-content\/uploads\/2024\/09\/2025-Yamaha-YXF850E-25SE-EU-Matte_Grey_Metallic_Black_-360-Degrees-001-03.jpg\",\"contentUrl\":\"https:\/\/yamaha-centar.hr\/wp-content\/uploads\/2024\/09\/2025-Yamaha-YXF850E-25SE-EU-Matte_Grey_Metallic_Black_-360-Degrees-001-03.jpg\",\"width\":2000,\"height\":1125},{\"@type\":\"BreadcrumbList\",\"@id\":\"https:\/\/yamaha-centar.hr\/?p=6941#breadcrumb\",\"itemListElement\":[{\"@type\":\"ListItem\",\"position\":1,\"name\":\"Naslovna\",\"item\":\"https:\/\/yamaha-centar.hr\/\"},{\"@type\":\"ListItem\",\"position\":2,\"name\":\"Wolverine\u00ae X4 850 SE 2025\"}]},{\"@type\":\"WebSite\",\"@id\":\"https:\/\/yamaha-centar.hr\/#website\",\"url\":\"https:\/\/yamaha-centar.hr\/\",\"name\":\"Yamaha centar Zagreb\",\"description\":\"yamaha \/ motocikli \/ motori \/ skuteri \/ e-bicikli\",\"publisher\":{\"@id\":\"https:\/\/yamaha-centar.hr\/#organization\"},\"potentialAction\":[{\"@type\":\"SearchAction\",\"target\":{\"@type\":\"EntryPoint\",\"urlTemplate\":\"https:\/\/yamaha-centar.hr\/?s={search_term_string}\"},\"query-input\":\"required name=search_term_string\"}],\"inLanguage\":\"hr\"},{\"@type\":\"Organization\",\"@id\":\"https:\/\/yamaha-centar.hr\/#organization\",\"name\":\"Yamaha centar Zagreb\",\"url\":\"https:\/\/yamaha-centar.hr\/\",\"logo\":{\"@type\":\"ImageObject\",\"inLanguage\":\"hr\",\"@id\":\"https:\/\/yamaha-centar.hr\/#\/schema\/logo\/image\/\",\"url\":\"https:\/\/yamaha-centar.hr\/wp-content\/uploads\/2025\/02\/logo-nova-yamaha.jpg\",\"contentUrl\":\"https:\/\/yamaha-centar.hr\/wp-content\/uploads\/2025\/02\/logo-nova-yamaha.jpg\",\"width\":70,\"height\":70,\"caption\":\"Yamaha centar Zagreb\"},\"image\":{\"@id\":\"https:\/\/yamaha-centar.hr\/#\/schema\/logo\/image\/\"}},{\"@type\":\"Person\",\"@id\":\"https:\/\/yamaha-centar.hr\/#\/schema\/person\/1ef833a7ec3fed1b67987f2e91f66f13\",\"name\":\"yamaha\",\"image\":{\"@type\":\"ImageObject\",\"inLanguage\":\"hr\",\"@id\":\"https:\/\/yamaha-centar.hr\/#\/schema\/person\/image\/\",\"url\":\"https:\/\/secure.gravatar.com\/avatar\/15cf6ba994fae63801a90e29ac549544022c6e96ded59b4040f73ef057db0ef4?s=96&d=mm&r=g\",\"contentUrl\":\"https:\/\/secure.gravatar.com\/avatar\/15cf6ba994fae63801a90e29ac549544022c6e96ded59b4040f73ef057db0ef4?s=96&d=mm&r=g\",\"caption\":\"yamaha\"},\"sameAs\":[\"https:\/\/yamaha-centar.hr\"],\"url\":\"https:\/\/yamaha-centar.hr\/?author=1\"}]}<\/script>\n<!-- \/ Yoast SEO plugin. -->","yoast_head_json":{"title":"Wolverine\u00ae X4 850 SE 2025 - Yamaha centar Zagreb","robots":{"index":"index","follow":"follow","max-snippet":"max-snippet:-1","max-image-preview":"max-image-preview:large","max-video-preview":"max-video-preview:-1"},"canonical":"https:\/\/yamaha-centar.hr\/?p=6941","og_locale":"hr_HR","og_type":"article","og_title":"Wolverine\u00ae X4 850 SE 2025 - Yamaha centar Zagreb","og_description":"Wolverine\u00ae X4 850 SE Cijena na upit Vozilo Wolverine\u00ae X4 850 SE izra\u0111eno je za prijevoz \u010detiri odrasle osobe po ekstremnom terenu \u2013 a zahvaljuju\u0107i agregatu s velikim okretnim momentom i kompaktnom podvozju, ovaj SxS, jednostavan za kori\u0161tenje, pru\u017ea vam performanse, udobnost i samopouzdanje! #DRIVENBYFREEDOM ZABAVAN \u010cETVEROSJED KOJI IMA OKRETNOST DVOSJEDA Sna\u017ean dvocilindri\u010dni redni agregat [&hellip;]","og_url":"https:\/\/yamaha-centar.hr\/?p=6941","og_site_name":"Yamaha centar Zagreb","article_published_time":"2024-09-18T08:12:19+00:00","article_modified_time":"2024-09-18T08:16:59+00:00","og_image":[{"width":2000,"height":1125,"url":"https:\/\/yamaha-centar.hr\/wp-content\/uploads\/2024\/09\/2025-Yamaha-YXF850E-25SE-EU-Matte_Grey_Metallic_Black_-360-Degrees-001-03.jpg","type":"image\/jpeg"}],"author":"yamaha","twitter_card":"summary_large_image","twitter_misc":{"Napisao\/la":"yamaha","Procijenjeno vrijeme \u010ditanja":"4 minute"},"schema":{"@context":"https:\/\/schema.org","@graph":[{"@type":"Article","@id":"https:\/\/yamaha-centar.hr\/?p=6941#article","isPartOf":{"@id":"https:\/\/yamaha-centar.hr\/?p=6941"},"author":{"name":"yamaha","@id":"https:\/\/yamaha-centar.hr\/#\/schema\/person\/1ef833a7ec3fed1b67987f2e91f66f13"},"headline":"Wolverine\u00ae X4 850 SE 2025","datePublished":"2024-09-18T08:12:19+00:00","dateModified":"2024-09-18T08:16:59+00:00","mainEntityOfPage":{"@id":"https:\/\/yamaha-centar.hr\/?p=6941"},"wordCount":584,"publisher":{"@id":"https:\/\/yamaha-centar.hr\/#organization"},"image":{"@id":"https:\/\/yamaha-centar.hr\/?p=6941#primaryimage"},"thumbnailUrl":"https:\/\/yamaha-centar.hr\/wp-content\/uploads\/2024\/09\/2025-Yamaha-YXF850E-25SE-EU-Matte_Grey_Metallic_Black_-360-Degrees-001-03.jpg","keywords":["4x4","atv 2025","ATV slobodno vrijeme","yamaha"],"articleSection":["ATV 2025","Slobodno vrijeme i SxS (Leisure)"],"inLanguage":"hr"},{"@type":"WebPage","@id":"https:\/\/yamaha-centar.hr\/?p=6941","url":"https:\/\/yamaha-centar.hr\/?p=6941","name":"Wolverine\u00ae X4 850 SE 2025 - Yamaha centar Zagreb","isPartOf":{"@id":"https:\/\/yamaha-centar.hr\/#website"},"primaryImageOfPage":{"@id":"https:\/\/yamaha-centar.hr\/?p=6941#primaryimage"},"image":{"@id":"https:\/\/yamaha-centar.hr\/?p=6941#primaryimage"},"thumbnailUrl":"https:\/\/yamaha-centar.hr\/wp-content\/uploads\/2024\/09\/2025-Yamaha-YXF850E-25SE-EU-Matte_Grey_Metallic_Black_-360-Degrees-001-03.jpg","datePublished":"2024-09-18T08:12:19+00:00","dateModified":"2024-09-18T08:16:59+00:00","breadcrumb":{"@id":"https:\/\/yamaha-centar.hr\/?p=6941#breadcrumb"},"inLanguage":"hr","potentialAction":[{"@type":"ReadAction","target":["https:\/\/yamaha-centar.hr\/?p=6941"]}]},{"@type":"ImageObject","inLanguage":"hr","@id":"https:\/\/yamaha-centar.hr\/?p=6941#primaryimage","url":"https:\/\/yamaha-centar.hr\/wp-content\/uploads\/2024\/09\/2025-Yamaha-YXF850E-25SE-EU-Matte_Grey_Metallic_Black_-360-Degrees-001-03.jpg","contentUrl":"https:\/\/yamaha-centar.hr\/wp-content\/uploads\/2024\/09\/2025-Yamaha-YXF850E-25SE-EU-Matte_Grey_Metallic_Black_-360-Degrees-001-03.jpg","width":2000,"height":1125},{"@type":"BreadcrumbList","@id":"https:\/\/yamaha-centar.hr\/?p=6941#breadcrumb","itemListElement":[{"@type":"ListItem","position":1,"name":"Naslovna","item":"https:\/\/yamaha-centar.hr\/"},{"@type":"ListItem","position":2,"name":"Wolverine\u00ae X4 850 SE 2025"}]},{"@type":"WebSite","@id":"https:\/\/yamaha-centar.hr\/#website","url":"https:\/\/yamaha-centar.hr\/","name":"Yamaha centar Zagreb","description":"yamaha \/ motocikli \/ motori \/ skuteri \/ e-bicikli","publisher":{"@id":"https:\/\/yamaha-centar.hr\/#organization"},"potentialAction":[{"@type":"SearchAction","target":{"@type":"EntryPoint","urlTemplate":"https:\/\/yamaha-centar.hr\/?s={search_term_string}"},"query-input":"required name=search_term_string"}],"inLanguage":"hr"},{"@type":"Organization","@id":"https:\/\/yamaha-centar.hr\/#organization","name":"Yamaha centar Zagreb","url":"https:\/\/yamaha-centar.hr\/","logo":{"@type":"ImageObject","inLanguage":"hr","@id":"https:\/\/yamaha-centar.hr\/#\/schema\/logo\/image\/","url":"https:\/\/yamaha-centar.hr\/wp-content\/uploads\/2025\/02\/logo-nova-yamaha.jpg","contentUrl":"https:\/\/yamaha-centar.hr\/wp-content\/uploads\/2025\/02\/logo-nova-yamaha.jpg","width":70,"height":70,"caption":"Yamaha centar Zagreb"},"image":{"@id":"https:\/\/yamaha-centar.hr\/#\/schema\/logo\/image\/"}},{"@type":"Person","@id":"https:\/\/yamaha-centar.hr\/#\/schema\/person\/1ef833a7ec3fed1b67987f2e91f66f13","name":"yamaha","image":{"@type":"ImageObject","inLanguage":"hr","@id":"https:\/\/yamaha-centar.hr\/#\/schema\/person\/image\/","url":"https:\/\/secure.gravatar.com\/avatar\/15cf6ba994fae63801a90e29ac549544022c6e96ded59b4040f73ef057db0ef4?s=96&d=mm&r=g","contentUrl":"https:\/\/secure.gravatar.com\/avatar\/15cf6ba994fae63801a90e29ac549544022c6e96ded59b4040f73ef057db0ef4?s=96&d=mm&r=g","caption":"yamaha"},"sameAs":["https:\/\/yamaha-centar.hr"],"url":"https:\/\/yamaha-centar.hr\/?author=1"}]}},"rttpg_featured_image_url":{"full":["https:\/\/yamaha-centar.hr\/wp-content\/uploads\/2024\/09\/2025-Yamaha-YXF850E-25SE-EU-Matte_Grey_Metallic_Black_-360-Degrees-001-03.jpg",2000,1125,false],"landscape":["https:\/\/yamaha-centar.hr\/wp-content\/uploads\/2024\/09\/2025-Yamaha-YXF850E-25SE-EU-Matte_Grey_Metallic_Black_-360-Degrees-001-03.jpg",2000,1125,false],"portraits":["https:\/\/yamaha-centar.hr\/wp-content\/uploads\/2024\/09\/2025-Yamaha-YXF850E-25SE-EU-Matte_Grey_Metallic_Black_-360-Degrees-001-03.jpg",2000,1125,false],"thumbnail":["https:\/\/yamaha-centar.hr\/wp-content\/uploads\/2024\/09\/2025-Yamaha-YXF850E-25SE-EU-Matte_Grey_Metallic_Black_-360-Degrees-001-03-150x150.jpg",150,150,true],"medium":["https:\/\/yamaha-centar.hr\/wp-content\/uploads\/2024\/09\/2025-Yamaha-YXF850E-25SE-EU-Matte_Grey_Metallic_Black_-360-Degrees-001-03-300x169.jpg",300,169,true],"large":["https:\/\/yamaha-centar.hr\/wp-content\/uploads\/2024\/09\/2025-Yamaha-YXF850E-25SE-EU-Matte_Grey_Metallic_Black_-360-Degrees-001-03-1024x576.jpg",1024,576,true],"1536x1536":["https:\/\/yamaha-centar.hr\/wp-content\/uploads\/2024\/09\/2025-Yamaha-YXF850E-25SE-EU-Matte_Grey_Metallic_Black_-360-Degrees-001-03-1536x864.jpg",1536,864,true],"2048x2048":["https:\/\/yamaha-centar.hr\/wp-content\/uploads\/2024\/09\/2025-Yamaha-YXF850E-25SE-EU-Matte_Grey_Metallic_Black_-360-Degrees-001-03.jpg",2000,1125,false],"sow-carousel-default":["https:\/\/yamaha-centar.hr\/wp-content\/uploads\/2024\/09\/2025-Yamaha-YXF850E-25SE-EU-Matte_Grey_Metallic_Black_-360-Degrees-001-03-272x182.jpg",272,182,true],"sow-recent-post":["https:\/\/yamaha-centar.hr\/wp-content\/uploads\/2024\/09\/2025-Yamaha-YXF850E-25SE-EU-Matte_Grey_Metallic_Black_-360-Degrees-001-03-216x216.jpg",216,216,true],"rt_custom":["https:\/\/yamaha-centar.hr\/wp-content\/uploads\/2024\/09\/2025-Yamaha-YXF850E-25SE-EU-Matte_Grey_Metallic_Black_-360-Degrees-001-03.jpg",2000,1125,false]},"rttpg_author":{"display_name":"yamaha","author_link":"https:\/\/yamaha-centar.hr\/?author=1"},"rttpg_comment":0,"rttpg_category":"<a href=\"https:\/\/yamaha-centar.hr\/?cat=352\" rel=\"category\">ATV 2025<\/a> <a href=\"https:\/\/yamaha-centar.hr\/?cat=52\" rel=\"category\">Slobodno vrijeme i SxS (Leisure)<\/a>","rttpg_excerpt":"Wolverine\u00ae X4 850 SE Cijena na upit Vozilo Wolverine\u00ae X4 850 SE izra\u0111eno je za prijevoz \u010detiri odrasle osobe po ekstremnom terenu \u2013 a zahvaljuju\u0107i agregatu s velikim okretnim momentom i kompaktnom podvozju, ovaj SxS, jednostavan za kori\u0161tenje, pru\u017ea vam performanse, udobnost i samopouzdanje! #DRIVENBYFREEDOM ZABAVAN \u010cETVEROSJED KOJI IMA OKRETNOST DVOSJEDA Sna\u017ean dvocilindri\u010dni redni agregat&hellip;","_links":{"self":[{"href":"https:\/\/yamaha-centar.hr\/index.php?rest_route=\/wp\/v2\/posts\/6941","targetHints":{"allow":["GET"]}}],"collection":[{"href":"https:\/\/yamaha-centar.hr\/index.php?rest_route=\/wp\/v2\/posts"}],"about":[{"href":"https:\/\/yamaha-centar.hr\/index.php?rest_route=\/wp\/v2\/types\/post"}],"author":[{"embeddable":true,"href":"https:\/\/yamaha-centar.hr\/index.php?rest_route=\/wp\/v2\/users\/1"}],"replies":[{"embeddable":true,"href":"https:\/\/yamaha-centar.hr\/index.php?rest_route=%2Fwp%2Fv2%2Fcomments&post=6941"}],"version-history":[{"count":2,"href":"https:\/\/yamaha-centar.hr\/index.php?rest_route=\/wp\/v2\/posts\/6941\/revisions"}],"predecessor-version":[{"id":6956,"href":"https:\/\/yamaha-centar.hr\/index.php?rest_route=\/wp\/v2\/posts\/6941\/revisions\/6956"}],"wp:featuredmedia":[{"embeddable":true,"href":"https:\/\/yamaha-centar.hr\/index.php?rest_route=\/wp\/v2\/media\/6946"}],"wp:attachment":[{"href":"https:\/\/yamaha-centar.hr\/index.php?rest_route=%2Fwp%2Fv2%2Fmedia&parent=6941"}],"wp:term":[{"taxonomy":"category","embeddable":true,"href":"https:\/\/yamaha-centar.hr\/index.php?rest_route=%2Fwp%2Fv2%2Fcategories&post=6941"},{"taxonomy":"post_tag","embeddable":true,"href":"https:\/\/yamaha-centar.hr\/index.php?rest_route=%2Fwp%2Fv2%2Ftags&post=6941"}],"curies":[{"name":"wp","href":"https:\/\/api.w.org\/{rel}","templated":true}]}}